{"id":2294,"date":"2019-07-16T07:35:08","date_gmt":"2019-07-16T12:35:08","guid":{"rendered":"http:\/\/www.zonaroja.com.mx\/?p=2294"},"modified":"2019-07-16T07:35:10","modified_gmt":"2019-07-16T12:35:10","slug":"eran-integrantes-de-una-familia-los-ejecutados-en-salina-cruz","status":"publish","type":"post","link":"https:\/\/zonaroja.com.mx\/?p=2294","title":{"rendered":"Eran integrantes de una familia los ejecutados en Salina Cruz"},"content":{"rendered":"\n<p>Redacci\u00f3n<\/p>\n\n\n\n<p>Oaxaca de\nJu\u00e1rez, Oax., 16 de julio de 2019.- Las cuatro personas asesinadas ayer en\nSalina Cruz, municipio de la regi\u00f3n del Istmo de Tehuantepec, fueron\nidentificadas como integrantes de una familia.<\/p>\n\n\n\n<p>El ataque\narmado ocurri\u00f3 ayer alrededor de las 15:00 horas en el taller de hojalater\u00eda denominado\n\u201cV\u00e1squez\u201d, ubicado en la calle Luis Echeverr\u00eda de la colonia Deportiva Norte,\nfrente a una escuela primaria.<\/p>\n\n\n\n<p>Tres\npersonas murieron en el sitio, mientras realizaban trabajos de hojalater\u00eda, y\nuna m\u00e1s en el Hospital de Especialidades.<\/p>\n\n\n\n<p>Respondieron\na los nombres de Javier V\u00e1squez L\u00f3pez, Jos\u00e9 In\u00e9s V\u00e1squez L\u00f3pez, El\u00edas V\u00e1squez L\u00f3pez\ny Raymundo V\u00e1squez Garc\u00eda.<\/p>\n\n\n\n<p>La\nVicefiscal\u00eda Regional del Istmo inici\u00f3 la carpeta de investigaci\u00f3n\ncorrespondiente, pero hasta el momento no tiene ning\u00fan indicio del m\u00f3vil del\nataque como tampoco personas detenidas.<\/p>\n","protected":false},"excerpt":{"rendered":"<p>Redacci\u00f3n Oaxaca de Ju\u00e1rez, Oax., 16 de julio de 2019.- Las cuatro personas asesinadas ayer&hellip;<\/p>\n","protected":false},"author":2,"featured_media":2295,"comment_status":"closed","ping_status":"open","sticky":false,"template":"","format":"standard","meta":{"_lmt_disableupdate":"","_lmt_disable":"","_jetpack_memberships_contains_paid_content":false,"footnotes":""},"categories":[109,51],"tags":[351],"class_list":["post-2294","post","type-post","status-publish","format-standard","has-post-thumbnail","hentry","category-minuto-a-minuto","category-zona-roja","tag-cuatro-ejecutados-en-salina-cruz-oaxaca"],"jetpack_featured_media_url":"https:\/\/zonaroja.com.mx\/wp-content\/uploads\/2019\/07\/Salina-Cruz-3.jpg","jetpack_sharing_enabled":true,"_links":{"self":[{"href":"https:\/\/zonaroja.com.mx\/index.php?rest_route=\/wp\/v2\/posts\/2294","targetHints":{"allow":["GET"]}}],"collection":[{"href":"https:\/\/zonaroja.com.mx\/index.php?rest_route=\/wp\/v2\/posts"}],"about":[{"href":"https:\/\/zonaroja.com.mx\/index.php?rest_route=\/wp\/v2\/types\/post"}],"author":[{"embeddable":true,"href":"https:\/\/zonaroja.com.mx\/index.php?rest_route=\/wp\/v2\/users\/2"}],"replies":[{"embeddable":true,"href":"https:\/\/zonaroja.com.mx\/index.php?rest_route=%2Fwp%2Fv2%2Fcomments&post=2294"}],"version-history":[{"count":1,"href":"https:\/\/zonaroja.com.mx\/index.php?rest_route=\/wp\/v2\/posts\/2294\/revisions"}],"predecessor-version":[{"id":2296,"href":"https:\/\/zonaroja.com.mx\/index.php?rest_route=\/wp\/v2\/posts\/2294\/revisions\/2296"}],"wp:featuredmedia":[{"embeddable":true,"href":"https:\/\/zonaroja.com.mx\/index.php?rest_route=\/wp\/v2\/media\/2295"}],"wp:attachment":[{"href":"https:\/\/zonaroja.com.mx\/index.php?rest_route=%2Fwp%2Fv2%2Fmedia&parent=2294"}],"wp:term":[{"taxonomy":"category","embeddable":true,"href":"https:\/\/zonaroja.com.mx\/index.php?rest_route=%2Fwp%2Fv2%2Fcategories&post=2294"},{"taxonomy":"post_tag","embeddable":true,"href":"https:\/\/zonaroja.com.mx\/index.php?rest_route=%2Fwp%2Fv2%2Ftags&post=2294"}],"curies":[{"name":"wp","href":"https:\/\/api.w.org\/{rel}","templated":true}]}}