{"id":22943,"date":"2021-01-28T21:42:57","date_gmt":"2021-01-29T03:42:57","guid":{"rendered":"http:\/\/www.zonaroja.com.mx\/?p=22943"},"modified":"2021-01-28T21:43:01","modified_gmt":"2021-01-29T03:43:01","slug":"oaxaca-capital-sigue-a-la-cabeza-por-casos-covid-10056-positivos-y-523-decesos","status":"publish","type":"post","link":"https:\/\/zonaroja.com.mx\/?p=22943","title":{"rendered":"Oaxaca capital, sigue a la cabeza por casos Covid: 10,056 positivos y 523 decesos"},"content":{"rendered":"\n<p>Redacci\u00f3n\/Zona Roja.<\/p>\n\n\n\n<p>Oaxaca de Ju\u00e1rez, Oax. 28 de enero de 2021.- Oaxaca registr\u00f3 este jueves de manera acumulada 34 mil 462 casos por Covid-19, cifra alcanzada tras sumar 334 nuevos contagios en las \u00faltimas 24 horas, en 84 municipios, con un global de 798 pacientes con la enfermedad en etapa activa, seg\u00fan los datos de los Servicios de Salud de Oaxaca (SSO).<\/p>\n\n\n\n<p>En un comunicado, la instituci\u00f3n destac\u00f3 que la entidad notific\u00f3 tambi\u00e9n 18 muertes nuevas a causa del virus, para acumular un total de dos mil 482 fallecimientos.<\/p>\n\n\n\n<p>Enfatiz\u00f3 que Oaxaca de Ju\u00e1rez contin\u00faa a la cabeza como la zona que m\u00e1s contagios diarios registra, con 99 nuevas infecciones, para un total de 10 mil 56 contagiados, as\u00ed como 523 decesos (esta \u00faltima, cifra de ayer).<\/p>\n\n\n\n<p>Tras ella se ubican Santa Cruz Xoxocotl\u00e1n y San Juan Bautista Tuxtepec, con 17 y 16, respectivamente.<\/p>\n\n\n\n<p>Por otra parte, inform\u00f3 que este 28 de enero la red hospitalaria cuantific\u00f3 el 59.6% en ocupaci\u00f3n de camas, tras contabilizarse 30 nuevos ingresos, para un total de 382 personas hospitalizadas a causa de la enfermedad.<\/p>\n\n\n\n<p>Se\u00f1al\u00f3 que este jueves, son 15 los nosocomios que se encuentra 100% de ocupaci\u00f3n de camas. Por jurisdicci\u00f3n sanitaria Valles Centrales registra el 70.7%, Mixteca 66.7%, Costa 52.5%, Istmo 48.1%, Tuxtepec 37.3% y la Sierra 16.7%.<\/p>\n\n\n\n<figure class=\"wp-block-embed-twitter wp-block-embed is-type-rich is-provider-twitter\"><div class=\"wp-block-embed__wrapper\">\n<div class=\"twitter-tweet\"><blockquote class=\"twitter-tweet\" data-lang=\"es\"><p lang=\"es\" dir=\"ltr\"><a href=\"https:\/\/twitter.com\/hashtag\/%C3%9AltimoMinuto?src=hash&amp;ref_src=twsrc%5Etfw\">#\u00daltimoMinuto<\/a><br>Con respecto a <a href=\"https:\/\/twitter.com\/hashtag\/Oaxaca?src=hash&amp;ref_src=twsrc%5Etfw\">#Oaxaca<\/a>, este jueves las autoridades del sector salud informaron de 334 casos positivos a Covid, para un acumulado de 34 mil 462; adem\u00e1s, 18 fallecimientos, que dan un total de dos mil 482 personas fallecidas por la enfermedad.<br>\u00a0<a href=\"https:\/\/twitter.com\/hashtag\/Qu%C3%A9dateEnCasa?src=hash&amp;ref_src=twsrc%5Etfw\">#Qu\u00e9dateEnCasa<\/a> <a href=\"https:\/\/t.co\/fkGGXPzCwC\">pic.twitter.com\/fkGGXPzCwC<\/a><\/p>&mdash; Zona Roja Oaxaca (@MexRoja) <a href=\"https:\/\/twitter.com\/MexRoja\/status\/1354974118978973698?ref_src=twsrc%5Etfw\">29 de enero de 2021<\/a><\/blockquote><\/div>\n<\/div><\/figure>\n\n\n\n<p>Mencion\u00f3 que, desde el inicio de la emergencia sanitaria en el territorio oaxaque\u00f1o, se han analizado 54 mil 936 pacientes con s\u00edntomas relacionados al coronavirus, cuatro mil 657 est\u00e1n como sospechosos y 15 mil 817 son negativos, asimismo a la fecha se han dado de alta m\u00e9dica a 31 mil 182 personas.<\/p>\n\n\n\n<p>Especific\u00f3 que Valles Centrales tiene un acumulado de 23 mil 830 contagios, mil 327 muertes y 464 casos activos, seguido por el Istmo con dos mil 868, 394 fallecimientos y 60 activos; Mixteca con dos mil 649, 218&nbsp; decesos y 130 activos; Tuxtepec con dos mil 237, 289 p\u00e9rdidas fatales y 46 activos; Costa con mil 713, 160 fallecimientos y 67 activos; Sierra con mil 165, 94 muertes y 31 activos.<\/p>\n\n\n\n<p>Finalmente, reiter\u00f3 el llamado a quedarse en casa si es posible, respetar la sana distancia, el uso del cubrebocas, no exponer a menores de edad ni adultos mayores en espacios p\u00fablicos, as\u00ed como evitar movilizarse de las zonas urbanas a los municipios alejados del estado, para mitigar la propagaci\u00f3n del SARS-CoV-2 en la entidad.<\/p>\n","protected":false},"excerpt":{"rendered":"<p>Redacci\u00f3n\/Zona Roja. Oaxaca de Ju\u00e1rez, Oax. 28 de enero de 2021.- Oaxaca registr\u00f3 este jueves&hellip;<\/p>\n","protected":false},"author":2,"featured_media":22944,"comment_status":"closed","ping_status":"open","sticky":false,"template":"","format":"standard","meta":{"_lmt_disableupdate":"","_lmt_disable":"","_jetpack_memberships_contains_paid_content":false,"footnotes":""},"categories":[109,47],"tags":[1512],"class_list":["post-22943","post","type-post","status-publish","format-standard","has-post-thumbnail","hentry","category-minuto-a-minuto","category-zona-gris","tag-coronavirus-oaxaca"],"jetpack_featured_media_url":"https:\/\/zonaroja.com.mx\/wp-content\/uploads\/2021\/01\/sso-3-1-1.jpeg","jetpack_sharing_enabled":true,"_links":{"self":[{"href":"https:\/\/zonaroja.com.mx\/index.php?rest_route=\/wp\/v2\/posts\/22943","targetHints":{"allow":["GET"]}}],"collection":[{"href":"https:\/\/zonaroja.com.mx\/index.php?rest_route=\/wp\/v2\/posts"}],"about":[{"href":"https:\/\/zonaroja.com.mx\/index.php?rest_route=\/wp\/v2\/types\/post"}],"author":[{"embeddable":true,"href":"https:\/\/zonaroja.com.mx\/index.php?rest_route=\/wp\/v2\/users\/2"}],"replies":[{"embeddable":true,"href":"https:\/\/zonaroja.com.mx\/index.php?rest_route=%2Fwp%2Fv2%2Fcomments&post=22943"}],"version-history":[{"count":1,"href":"https:\/\/zonaroja.com.mx\/index.php?rest_route=\/wp\/v2\/posts\/22943\/revisions"}],"predecessor-version":[{"id":22945,"href":"https:\/\/zonaroja.com.mx\/index.php?rest_route=\/wp\/v2\/posts\/22943\/revisions\/22945"}],"wp:featuredmedia":[{"embeddable":true,"href":"https:\/\/zonaroja.com.mx\/index.php?rest_route=\/wp\/v2\/media\/22944"}],"wp:attachment":[{"href":"https:\/\/zonaroja.com.mx\/index.php?rest_route=%2Fwp%2Fv2%2Fmedia&parent=22943"}],"wp:term":[{"taxonomy":"category","embeddable":true,"href":"https:\/\/zonaroja.com.mx\/index.php?rest_route=%2Fwp%2Fv2%2Fcategories&post=22943"},{"taxonomy":"post_tag","embeddable":true,"href":"https:\/\/zonaroja.com.mx\/index.php?rest_route=%2Fwp%2Fv2%2Ftags&post=22943"}],"curies":[{"name":"wp","href":"https:\/\/api.w.org\/{rel}","templated":true}]}}