{"id":22947,"date":"2021-01-29T07:54:10","date_gmt":"2021-01-29T13:54:10","guid":{"rendered":"http:\/\/www.zonaroja.com.mx\/?p=22947"},"modified":"2021-01-29T15:12:01","modified_gmt":"2021-01-29T21:12:01","slug":"insiste-el-multi-en-justicia","status":"publish","type":"post","link":"https:\/\/zonaroja.com.mx\/?p=22947","title":{"rendered":"Gobierno de Oaxaca, rebasado en conflicto Triqui; piden intervenci\u00f3n federal"},"content":{"rendered":"\n<p>Evlin Arag\u00f3n\/Zona Roja.<\/p>\n\n\n\n<p>Oaxaca de Ju\u00e1rez, Oax., 29 de enero de 2021.- Tras los acuerdos incumplidos por el gobierno de Oaxaca para dar soluci\u00f3n al conflicto que se vive en la zona Triqui y la complicidad que tiene con algunos grupos sociales, integrantes del Movimiento de Unificaci\u00f3n y Lucha Triqui Independiente (MULTI) demandaron la intervenci\u00f3n urgente de la Federaci\u00f3n para atender a la poblaci\u00f3n de Tierra Blanca Copala, que recientemente fue desplazada de manera forzada.\u00a0<\/p>\n\n\n\n<p>\u201cAnte la incapacidad del Estado oaxaque\u00f1o al verse rebasado por la presi\u00f3n del MULT, urgimos a la Federaci\u00f3n; al subsecretario de Derechos Humanos, Poblaci\u00f3n y Migraci\u00f3n, Alejandro Encinas Rodr\u00edguez; adem\u00e1s del propio Presidente de la Rep\u00fablica, Andr\u00e9s Manuel L\u00f3pez Obrador, para que intervengan de manera inmediata y directa para que se les d\u00e9 soluci\u00f3n a las nuevas v\u00edctimas de desplazamiento forzado\u201d, refiere el comunicado.\u00a0<\/p>\n\n\n\n<p>De manera espec\u00edfica, solicitan que las mesas de trabajo sean coordinadas por el gobierno federal, ya que aseguran el gobierno de Oaxaca, encabezado por Alejandro Murat, se encuentra en total complicidad con los \u201cparamilitares\u201d del MULT, a quienes responsabilizan de los hechos violentos registrados desde finales del 2020 y a quienes piden sacar las manos de la zona.&nbsp;<\/p>\n\n\n\n<p>Tambi\u00e9n, la liberaci\u00f3n inmediata de Marco Garc\u00eda, l\u00edder moral de Tierra Blanca Copala, para que pueda participar en las mesas de trabajo de su pueblo y su gente; la judializaci\u00f3n de los delitos cometidos en la zona como son: homicidios, ataques armados, violencia y robo, que deriven en \u00f3rdenes de aprehensi\u00f3n y sanciones para los responsables.\u00a0<\/p>\n\n\n\n<p>La reparaci\u00f3n integral de da\u00f1os para las v\u00edctimas, as\u00ed como el acceso a los derechos que se\u00f1ala la Ley General de V\u00edctimas; y sobre todo crear las condiciones necesarias para un retorno masivo y seguro de las familias enteras que fueron desplazadas de su localidad, quienes adem\u00e1s piden el establecimiento permanente de la Guardia Nacional en la zona.&nbsp;&nbsp;<\/p>\n\n\n\n<p>Como lo han hecho desde hace semanas, responsabilizan a la dirigencia del MULT de la violencia registrada en Tierra Blanca, de forma espec\u00edfica a Rogelio Pensamiento Mesinas, Juan Domingo P\u00e9rez Castillo, Manuel Ortiz y sus hijos Emelia y Eleazar.<\/p>\n\n\n\n<p>As\u00ed como a Mariano D\u00edaz L\u00f3pez, Humberto Cruz Ortiz, Pablo Santo de Jes\u00fas, Sostenes Ram\u00edrez D\u00edaz, Placido Garc\u00eda Ram\u00edrez, Antonio Ram\u00edrez de Jes\u00fas, Alejandro Cruz Garc\u00eda y Tiburcio Ram\u00edrez Flores; a quienes acusan de ser \u201cparamilitares\u201d del MULT de R\u00edo Ceniza.<\/p>\n\n\n\n<p>Ello, sin dejar de mencionar a los funcionarios del Gobierno del Estado de Oaxaca, por caer en las presiones del MULT y retirar las fuerzas policiales de Tierra Blanca, e incumplir la minuta de acuerdo se\u00f1alada; adem\u00e1s de actuar de parcialidad en el caso, rest\u00e1ndoles veracidad a las versiones emitidas desde el MULTI y por parte de la poblaci\u00f3n afectada. \u201cS\u00f3lo pedimos que nuestra voz sea escuchada y que por al menos \u00fanica vez al gobierno estatal y federal no les importe arriesgar los votos que el MULT les da, y volteen a ver a las verdaderas v\u00edctimas, a los Triquis que por no pensar como los l\u00edderes del MULT, tenemos que pagar el precio con vivir lejos de casa, tener viudas, hu\u00e9rfanos, incluso pagarlo con nuestra propia vida\u201d, exponen.<\/p>\n","protected":false},"excerpt":{"rendered":"<p>Evlin Arag\u00f3n\/Zona Roja. Oaxaca de Ju\u00e1rez, Oax., 29 de enero de 2021.- Tras los acuerdos&hellip;<\/p>\n","protected":false},"author":2,"featured_media":22948,"comment_status":"closed","ping_status":"open","sticky":false,"template":"","format":"standard","meta":{"_lmt_disableupdate":"","_lmt_disable":"","_jetpack_memberships_contains_paid_content":false,"footnotes":""},"categories":[109,47],"tags":[2411],"class_list":["post-22947","post","type-post","status-publish","format-standard","has-post-thumbnail","hentry","category-minuto-a-minuto","category-zona-gris","tag-movimiento-de-unificacion-y-lucha-triqui-independiente-multi"],"jetpack_featured_media_url":"https:\/\/zonaroja.com.mx\/wp-content\/uploads\/2021\/01\/Comunicado-MULTI.jpg","jetpack_sharing_enabled":true,"_links":{"self":[{"href":"https:\/\/zonaroja.com.mx\/index.php?rest_route=\/wp\/v2\/posts\/22947","targetHints":{"allow":["GET"]}}],"collection":[{"href":"https:\/\/zonaroja.com.mx\/index.php?rest_route=\/wp\/v2\/posts"}],"about":[{"href":"https:\/\/zonaroja.com.mx\/index.php?rest_route=\/wp\/v2\/types\/post"}],"author":[{"embeddable":true,"href":"https:\/\/zonaroja.com.mx\/index.php?rest_route=\/wp\/v2\/users\/2"}],"replies":[{"embeddable":true,"href":"https:\/\/zonaroja.com.mx\/index.php?rest_route=%2Fwp%2Fv2%2Fcomments&post=22947"}],"version-history":[{"count":2,"href":"https:\/\/zonaroja.com.mx\/index.php?rest_route=\/wp\/v2\/posts\/22947\/revisions"}],"predecessor-version":[{"id":22972,"href":"https:\/\/zonaroja.com.mx\/index.php?rest_route=\/wp\/v2\/posts\/22947\/revisions\/22972"}],"wp:featuredmedia":[{"embeddable":true,"href":"https:\/\/zonaroja.com.mx\/index.php?rest_route=\/wp\/v2\/media\/22948"}],"wp:attachment":[{"href":"https:\/\/zonaroja.com.mx\/index.php?rest_route=%2Fwp%2Fv2%2Fmedia&parent=22947"}],"wp:term":[{"taxonomy":"category","embeddable":true,"href":"https:\/\/zonaroja.com.mx\/index.php?rest_route=%2Fwp%2Fv2%2Fcategories&post=22947"},{"taxonomy":"post_tag","embeddable":true,"href":"https:\/\/zonaroja.com.mx\/index.php?rest_route=%2Fwp%2Fv2%2Ftags&post=22947"}],"curies":[{"name":"wp","href":"https:\/\/api.w.org\/{rel}","templated":true}]}}