{"id":22956,"date":"2021-01-29T08:20:55","date_gmt":"2021-01-29T14:20:55","guid":{"rendered":"http:\/\/www.zonaroja.com.mx\/?p=22956"},"modified":"2021-01-29T08:20:58","modified_gmt":"2021-01-29T14:20:58","slug":"diputado-propone-auditoria-al-dif-de-oaxaca-por-opacidad","status":"publish","type":"post","link":"https:\/\/zonaroja.com.mx\/?p=22956","title":{"rendered":"Diputado propone auditor\u00eda al DIF de Oaxaca, por opacidad"},"content":{"rendered":"\n<p>Yuridiana Sosa\/Zona Roja.<\/p>\n\n\n\n<p>Oaxaca de Ju\u00e1rez, Oax., 29 de enero de 2021.- Frente a los resultados recientes del \u00cdndice de Transparencia del Gasto Social de la Entidades Federativas 2020 (ITGSocial), que calific\u00f3 al DIF de Oaxaca en un nivel bajo nivel de transparencia, el diputado C\u00e9sar Morales Ni\u00f1o propuso una auditor\u00eda al organismo para el periodo 2018-2020.<\/p>\n\n\n\n<p>En la reciente sesi\u00f3n ordinaria, el legislador del Partido del Trabajo present\u00f3 punto de acuerdo para exhortar a los titulares Unidad de Inteligencia Financiera de la Secretar\u00eda de Cr\u00e9dito P\u00fablico del Gobierno Federal y de la Auditor\u00eda Superior de la Federaci\u00f3n para realizar una revisi\u00f3n a los egresos del DIF, as\u00ed como al manejo del gasto p\u00fablico presupuestado a la Direcci\u00f3n General del Sistema Estatal para la Desarrollo Integral de la Familia, en los ejercicios fiscales 2018, 2019 y 2020.<\/p>\n\n\n\n<p>La propuesta tambi\u00e9n contempl\u00f3 un exhorto al Gobierno del Estado para que exija al titular de la Secretar\u00eda de Bienestar de Oaxaca abatir los \u00faltimos lugares en rezago social.<\/p>\n\n\n\n<p>El diputado indic\u00f3 que el DIF de Oaxaca present\u00f3 observaciones de opacidad como no contar con documento de calendarizaci\u00f3n de ingresos de recursos a recibir, no especifica aportaciones e ingresos por venta de bienes y servicios o llamadas cuotas de recuperaci\u00f3n, as\u00ed como en sus egresos de los suministros, servicios generales, ayuda social, obras ni padrones de beneficiarios, seg\u00fan el estudio.<\/p>\n\n\n\n<p>El punto de acuerdo fue turnado a comisiones, al igual que otro punto donde expuso un llamado a la Secretar\u00eda de Gobernaci\u00f3n y al Instituto Federal de Telecomunicaciones para que regulen los contenidos de la publicidad en la televisi\u00f3n abierta al motivar a la convivencia social sin cumplir con medidas de sanidad ante el Covid-19.<\/p>\n\n\n\n<p>REITERA CONFLICTO DE INTERESES<\/p>\n\n\n\n<p>Morales Ni\u00f1o reiter\u00f3 en asuntos generales el tema del posible conflicto de intereses por parte la integrante del Comit\u00e9 de Participaci\u00f3n Ciudadana del Sistema Estatal de Combate a la Corrupci\u00f3n, Reyna Miguel Santill\u00e1n.<\/p>\n\n\n\n<p>El legislador record\u00f3 a la Comisi\u00f3n Permanente de Vigilancia del Sistema Estatal de Combate a la Corrupci\u00f3n del Congreso del Estado que no ha emitido un dictamen sobre la vinculaci\u00f3n de la integrante con una empresa proveedora de servicios del Gobierno Estatal, tema que expuso noviembre pasado.<\/p>\n\n\n\n<p>Se\u00f1al\u00f3 que la reci\u00e9n falta a la Ley General del Sistema de Combate a la Corrupci\u00f3n por parte de Miguel Santill\u00e1n es que sigue activa como docente de la facultad de Contadur\u00eda y Administraci\u00f3n de la Universidad Aut\u00f3noma Benito Ju\u00e1rez de Oaxaca, con un ingreso quincenal de mil 702 pesos.<\/p>\n\n\n\n<p>El diputado demand\u00f3 al Congreso de Oaxaca no pasar por alto este problema y aclar\u00f3 que no sus posicionamientos no se tratan de un ataque de violencia pol\u00edtica de g\u00e9nero sino de hacer cumplir la ley.<\/p>\n","protected":false},"excerpt":{"rendered":"<p>Yuridiana Sosa\/Zona Roja. Oaxaca de Ju\u00e1rez, Oax., 29 de enero de 2021.- Frente a los&hellip;<\/p>\n","protected":false},"author":2,"featured_media":17443,"comment_status":"closed","ping_status":"open","sticky":false,"template":"","format":"standard","meta":{"_lmt_disableupdate":"","_lmt_disable":"","_jetpack_memberships_contains_paid_content":false,"footnotes":""},"categories":[109,47],"tags":[612],"class_list":["post-22956","post","type-post","status-publish","format-standard","has-post-thumbnail","hentry","category-minuto-a-minuto","category-zona-gris","tag-cesar-morales-nino"],"jetpack_featured_media_url":"https:\/\/zonaroja.com.mx\/wp-content\/uploads\/2020\/09\/DIF-Oaxaca.jpg","jetpack_sharing_enabled":true,"_links":{"self":[{"href":"https:\/\/zonaroja.com.mx\/index.php?rest_route=\/wp\/v2\/posts\/22956","targetHints":{"allow":["GET"]}}],"collection":[{"href":"https:\/\/zonaroja.com.mx\/index.php?rest_route=\/wp\/v2\/posts"}],"about":[{"href":"https:\/\/zonaroja.com.mx\/index.php?rest_route=\/wp\/v2\/types\/post"}],"author":[{"embeddable":true,"href":"https:\/\/zonaroja.com.mx\/index.php?rest_route=\/wp\/v2\/users\/2"}],"replies":[{"embeddable":true,"href":"https:\/\/zonaroja.com.mx\/index.php?rest_route=%2Fwp%2Fv2%2Fcomments&post=22956"}],"version-history":[{"count":1,"href":"https:\/\/zonaroja.com.mx\/index.php?rest_route=\/wp\/v2\/posts\/22956\/revisions"}],"predecessor-version":[{"id":22957,"href":"https:\/\/zonaroja.com.mx\/index.php?rest_route=\/wp\/v2\/posts\/22956\/revisions\/22957"}],"wp:featuredmedia":[{"embeddable":true,"href":"https:\/\/zonaroja.com.mx\/index.php?rest_route=\/wp\/v2\/media\/17443"}],"wp:attachment":[{"href":"https:\/\/zonaroja.com.mx\/index.php?rest_route=%2Fwp%2Fv2%2Fmedia&parent=22956"}],"wp:term":[{"taxonomy":"category","embeddable":true,"href":"https:\/\/zonaroja.com.mx\/index.php?rest_route=%2Fwp%2Fv2%2Fcategories&post=22956"},{"taxonomy":"post_tag","embeddable":true,"href":"https:\/\/zonaroja.com.mx\/index.php?rest_route=%2Fwp%2Fv2%2Ftags&post=22956"}],"curies":[{"name":"wp","href":"https:\/\/api.w.org\/{rel}","templated":true}]}}