{"id":22960,"date":"2021-01-29T10:23:23","date_gmt":"2021-01-29T16:23:23","guid":{"rendered":"http:\/\/www.zonaroja.com.mx\/?p=22960"},"modified":"2021-01-29T10:23:26","modified_gmt":"2021-01-29T16:23:26","slug":"autoriza-sep-3-4-de-aumento-salarial-para-steuabjo-preven-conjurar-huelga","status":"publish","type":"post","link":"https:\/\/zonaroja.com.mx\/?p=22960","title":{"rendered":"Autoriza SEP 3.4% de aumento salarial para STEUABJO; prev\u00e9n conjurar huelga"},"content":{"rendered":"\n<p>Redacci\u00f3n\/Zona Roja.<\/p>\n\n\n\n<p>Oaxaca de Ju\u00e1rez, Oax., 29 de enero de 2021.- La Secretar\u00eda de Educaci\u00f3n P\u00fablica (SEP) autoriz\u00f3 a la Universidad Aut\u00f3noma \u201cBenito Ju\u00e1rez\u201d de Oaxaca (UABJO) un incremento salarial de 3.4 por ciento para el STEUABJO.<\/p>\n\n\n\n<p>El monto establecido es el mismo que se aplicar\u00e1 a todas las universidades p\u00fablicas estatales y no contempla incremento en prestaciones no ligadas al salario, inform\u00f3 la m\u00e1xima casa de estudios.<\/p>\n\n\n\n<p>Tras ello, este viernes el Sindicato de Trabajadores y Empleados (STEUABJO) analizan en asamblea la propuesta y prev\u00e9n conjurar la huelga, que ten\u00edan programado estallar en los primeros minutos del 1 de febrero.<\/p>\n\n\n\n<p>En un comunicado, la Universidad inform\u00f3 que el rector Eduardo Bautista Mart\u00ednez, acompa\u00f1ado de representantes del Gobierno del Estado, se reuni\u00f3 ayer de nueva cuenta con la dirigencia sindical y su comit\u00e9 de huelga.<\/p>\n\n\n\n<p>En ella se dio a conocer el documento emitido por la SEP, el cual refiere un incremento del 3.4% directo al salario, que es el par\u00e1metro establecido para todas las universidades del pa\u00eds, tomando en cuenta lo otorgado a la Universidad Nacional Aut\u00f3noma de M\u00e9xico (UNAM).<\/p>\n\n\n\n<p>\u201cRespecto a las prestaciones no ligadas al salario, al ser una revisi\u00f3n contractual bienal par, no habr\u00e1 aumento alguno, esto seg\u00fan lo dictado por la Secretar\u00eda de Hacienda y Cr\u00e9dito P\u00fablico (SHCP)\u201d, agreg\u00f3 en su comunicado.<\/p>\n\n\n\n<p>\u201cEstamos haciendo todos los esfuerzos posibles en la atenci\u00f3n y nuestra presencia aqu\u00ed a pesar de la pandemia, es prueba de que tenemos toda la disposici\u00f3n de lograr acuerdos con la base trabajadora\u201d, les dijo Bautista Mart\u00ednez.<\/p>\n\n\n\n<p>Posteriormente, se hizo un recuento del trabajo y los avances de las comisiones mixtas en la atenci\u00f3n del pliego petitorio, en donde se destac\u00f3 como prioridad el concepto de pago de gastos de defunci\u00f3n, debido al incremento de fallecimientos por la pandemia, registrando hasta la fecha m\u00e1s de 50.<\/p>\n\n\n\n<p>El rector conmin\u00f3 al dirigente del STEUABJO, Ariel Luj\u00e1n P\u00e9rez, para hacer un llamado a sus agremiadas y agremiados a evitar m\u00edtines o reuniones multitudinarias que pongan en riesgo su salud, y reiter\u00f3 \u201cen estas condiciones de pandemia debe prevalecer el cuidado de la vida\u201d.<\/p>\n","protected":false},"excerpt":{"rendered":"<p>Redacci\u00f3n\/Zona Roja. Oaxaca de Ju\u00e1rez, Oax., 29 de enero de 2021.- La Secretar\u00eda de Educaci\u00f3n&hellip;<\/p>\n","protected":false},"author":2,"featured_media":22961,"comment_status":"closed","ping_status":"open","sticky":false,"template":"","format":"standard","meta":{"_lmt_disableupdate":"","_lmt_disable":"","_jetpack_memberships_contains_paid_content":false,"footnotes":""},"categories":[109,46],"tags":[360],"class_list":["post-22960","post","type-post","status-publish","format-standard","has-post-thumbnail","hentry","category-minuto-a-minuto","category-zona-blanca","tag-rector-eduardo-bautista-martinez"],"jetpack_featured_media_url":"https:\/\/zonaroja.com.mx\/wp-content\/uploads\/2021\/01\/Reunion-rector-y-STEUABJO.jpg","jetpack_sharing_enabled":true,"_links":{"self":[{"href":"https:\/\/zonaroja.com.mx\/index.php?rest_route=\/wp\/v2\/posts\/22960","targetHints":{"allow":["GET"]}}],"collection":[{"href":"https:\/\/zonaroja.com.mx\/index.php?rest_route=\/wp\/v2\/posts"}],"about":[{"href":"https:\/\/zonaroja.com.mx\/index.php?rest_route=\/wp\/v2\/types\/post"}],"author":[{"embeddable":true,"href":"https:\/\/zonaroja.com.mx\/index.php?rest_route=\/wp\/v2\/users\/2"}],"replies":[{"embeddable":true,"href":"https:\/\/zonaroja.com.mx\/index.php?rest_route=%2Fwp%2Fv2%2Fcomments&post=22960"}],"version-history":[{"count":1,"href":"https:\/\/zonaroja.com.mx\/index.php?rest_route=\/wp\/v2\/posts\/22960\/revisions"}],"predecessor-version":[{"id":22962,"href":"https:\/\/zonaroja.com.mx\/index.php?rest_route=\/wp\/v2\/posts\/22960\/revisions\/22962"}],"wp:featuredmedia":[{"embeddable":true,"href":"https:\/\/zonaroja.com.mx\/index.php?rest_route=\/wp\/v2\/media\/22961"}],"wp:attachment":[{"href":"https:\/\/zonaroja.com.mx\/index.php?rest_route=%2Fwp%2Fv2%2Fmedia&parent=22960"}],"wp:term":[{"taxonomy":"category","embeddable":true,"href":"https:\/\/zonaroja.com.mx\/index.php?rest_route=%2Fwp%2Fv2%2Fcategories&post=22960"},{"taxonomy":"post_tag","embeddable":true,"href":"https:\/\/zonaroja.com.mx\/index.php?rest_route=%2Fwp%2Fv2%2Ftags&post=22960"}],"curies":[{"name":"wp","href":"https:\/\/api.w.org\/{rel}","templated":true}]}}