{"id":22966,"date":"2021-01-29T10:48:36","date_gmt":"2021-01-29T16:48:36","guid":{"rendered":"http:\/\/www.zonaroja.com.mx\/?p=22966"},"modified":"2021-01-29T12:42:11","modified_gmt":"2021-01-29T18:42:11","slug":"se-atrincheran-trabajadores-del-maco-ante-amenaza-de-desalojo","status":"publish","type":"post","link":"https:\/\/zonaroja.com.mx\/?p=22966","title":{"rendered":"El MACO y Seculta no pagan y todav\u00eda quieren desalojar a trabajadores"},"content":{"rendered":"\n<p>Evlin Arag\u00f3n\/ Zona Roja. <\/p>\n\n\n\n<p>Oaxaca de Ju\u00e1rez, Oax., 29 de enero de 2021.- Los 29 a\u00f1os de historia del Museo de Arte Contempor\u00e1neo de Oaxaca (MACO) se encuentran en riesgo de desaparecer, luego de la denuncia que hiciera el personal sobre un intento de desalojo y el adeudo de m\u00e1s de nueve meses de sueldo y prestaciones.<\/p>\n\n\n\n<p>Cecilia Ming\u00fcer Vargas, directora del recinto, argument\u00f3 que la Mesa Directiva de Amigos del MACO, conformada por Rub\u00e9n Leyva Jim\u00e9nez, Jos\u00e9 Luis Bustamante del Valle, y Mayela Audelo Holm, irrumpieron las labores de <a href=\"\/\/0\">este jueves<\/a> para exigir, sin m\u00e1s, que les entregaran el museo.  <\/p>\n\n\n\n<p>Lo anterior sin ning\u00fan tipo de conversaci\u00f3n previa, situaci\u00f3n que le hace pensar en la intenci\u00f3n de cerrar el museo para evitar el pago pendiente del personal, a quienes le adeudan sueldos y prestaciones que no han cubierto en los \u00faltimos meses, pese a varios llamados realizados previamente.&nbsp;&nbsp;<\/p>\n\n\n\n<p>La prepotencia de Rub\u00e9n Leyva Jim\u00e9nez se ha hecho presente, al argumentar que, en su calidad de presidente de la Mesa Directiva de Amigos del MACO, ser\u00e1 cuando \u00e9l quiera que se sentara a platicar con el personal y resolver el tema de los sueldos pendientes.&nbsp;&nbsp;<\/p>\n\n\n\n<p>\u201cHemos tratado de reunirnos con ellos y siempre nos dan la misma respuesta de que no hay dinero, y el mismo se\u00f1or Bustamante nos dijo que \u00e9l no tiene la obligaci\u00f3n de pagarnos a nosotros. Luego se molestan que les preguntemos en torno a nuestros sueldos y nos empiezan a intimidar, es todo lo que hemos obtenido de ellos\u201d, dijo un trabajador en conferencia de prensa.  <\/p>\n\n\n\n<p>Otra m\u00e1s indic\u00f3 que su intenci\u00f3n es que el museo siga funcionando, sin embargo, pareciera que \u00fanicamente el personal est\u00e1 dispuesto a poner de su parte, mientras que la asociaci\u00f3n civil Amigos del MACO, encargada de la administraci\u00f3n del mismo, busca terminar con el proyecto.&nbsp;&nbsp;<\/p>\n\n\n\n<p>\u201cLo que quieren es no pagarnos y hacer lo que quieren con el museo\u201d, sentenci\u00f3 otra trabajadora.&nbsp;&nbsp;<\/p>\n\n\n\n<p>Ante el evidente desalojo, decidieron no abandonar el lugar y organizar guardias incluso nocturnas para estar todo el tiempo al interior del recinto y evitar no s\u00f3lo el cierre, sino que los sueldos pendientes sean olvidados. <\/p>\n\n\n\n<p>Lo anterior provoc\u00f3 de nueva cuenta el hostigamiento y la intimidaci\u00f3n por parte de Amigos del MACO quienes, con el respaldo de Maricela Guerrero, jefa administrativa de la Secretar\u00eda de las Cultura y las Artes (Seculta) cambiaron al guardia de la entrada para mantener vigilado al personal. <\/p>\n\n\n\n<p>\u201cHubo una vez que Jos\u00e9 Luis Bustamante del Valle hizo un comentario de que se le entregara el museo al Estado, pero nosotros no lo vamos a permitir porque de aqu\u00ed, independientemente de nuestro de trabajo, dependen otras personas, artistas, curadores, proveedores de la tienda, etc.\u201d&nbsp;<\/p>\n\n\n\n<p>Son 19 trabajadoras y trabajadores, los que desde hace nueve meses no reciben su sueldo. Tampoco recibieron subsidio por parte del Estado en el 2020 a trav\u00e9s de la Seculta, cuya titular Karla Villaca\u00f1a no ha querido siquiera escuchar a la base trabajadora del museo. <\/p>\n\n\n\n<p>Lo anterior debido a que, el recurso otorgado en el 2019, de entre tres y cuatro millones de pesos fue utilizado al gasto corriente y pago de salarios, situaci\u00f3n que no est\u00e1 contemplada por la autoridad estatal. De ah\u00ed que no hayan destinado nuevamente recurso hasta que quede debidamente comprobado su uso.  <\/p>\n\n\n\n<p>Mientras que Amigos del MACO ha dejado en el olvido su labor de buscar donaciones y generar aportaciones que mantengan vivo el legado cultural de un museo que hoy forma parte del quehacer en la pl\u00e1stica oaxaque\u00f1a, adem\u00e1s de ser sede de actos sociales de gran relevancia.&nbsp;<\/p>\n\n\n\n<p> \u201cQueremos que nos aclaren que est\u00e1 pasando, porque en realidad no entendemos este nivel de hostigamiento y violencia, porque no llegaron en plan de conversar sino a exigir la entrega de un museo que tampoco les pertenece. Nos parece que es un acto encaminado a librarse del pago pendiente, a que nos corran sin liquidar el adeudo\u201d, concluy\u00f3 el personal.   <\/p>\n\n\n\n<p>Tras la denuncia que hicieron ayer por la tarde y la conferencia de prensa de hoy por la ma\u00f1ana, arrib\u00f3 personal de la Defensor\u00eda de los Derechos Humanos del Pueblo de Oaxaca, que ingres\u00f3 y escuch\u00f3 las quejas. Posteriormente fueron reabiertas las puertas del MACO, ubicado en la segunda calle de Macedonio Alcal\u00e1, en el Centro Hist\u00f3rico de la ciudad de Oaxaca. <\/p>\n","protected":false},"excerpt":{"rendered":"<p>Evlin Arag\u00f3n\/ Zona Roja. Oaxaca de Ju\u00e1rez, Oax., 29 de enero de 2021.- Los 29&hellip;<\/p>\n","protected":false},"author":2,"featured_media":22967,"comment_status":"closed","ping_status":"open","sticky":false,"template":"","format":"standard","meta":{"_lmt_disableupdate":"","_lmt_disable":"","_jetpack_memberships_contains_paid_content":false,"footnotes":""},"categories":[109,47],"tags":[2298],"class_list":["post-22966","post","type-post","status-publish","format-standard","has-post-thumbnail","hentry","category-minuto-a-minuto","category-zona-gris","tag-museo-de-arte-contemporaneo-de-oaxaca-maco"],"jetpack_featured_media_url":"https:\/\/zonaroja.com.mx\/wp-content\/uploads\/2021\/01\/Trabajadores-MACO.jpg","jetpack_sharing_enabled":true,"_links":{"self":[{"href":"https:\/\/zonaroja.com.mx\/index.php?rest_route=\/wp\/v2\/posts\/22966","targetHints":{"allow":["GET"]}}],"collection":[{"href":"https:\/\/zonaroja.com.mx\/index.php?rest_route=\/wp\/v2\/posts"}],"about":[{"href":"https:\/\/zonaroja.com.mx\/index.php?rest_route=\/wp\/v2\/types\/post"}],"author":[{"embeddable":true,"href":"https:\/\/zonaroja.com.mx\/index.php?rest_route=\/wp\/v2\/users\/2"}],"replies":[{"embeddable":true,"href":"https:\/\/zonaroja.com.mx\/index.php?rest_route=%2Fwp%2Fv2%2Fcomments&post=22966"}],"version-history":[{"count":2,"href":"https:\/\/zonaroja.com.mx\/index.php?rest_route=\/wp\/v2\/posts\/22966\/revisions"}],"predecessor-version":[{"id":22971,"href":"https:\/\/zonaroja.com.mx\/index.php?rest_route=\/wp\/v2\/posts\/22966\/revisions\/22971"}],"wp:featuredmedia":[{"embeddable":true,"href":"https:\/\/zonaroja.com.mx\/index.php?rest_route=\/wp\/v2\/media\/22967"}],"wp:attachment":[{"href":"https:\/\/zonaroja.com.mx\/index.php?rest_route=%2Fwp%2Fv2%2Fmedia&parent=22966"}],"wp:term":[{"taxonomy":"category","embeddable":true,"href":"https:\/\/zonaroja.com.mx\/index.php?rest_route=%2Fwp%2Fv2%2Fcategories&post=22966"},{"taxonomy":"post_tag","embeddable":true,"href":"https:\/\/zonaroja.com.mx\/index.php?rest_route=%2Fwp%2Fv2%2Ftags&post=22966"}],"curies":[{"name":"wp","href":"https:\/\/api.w.org\/{rel}","templated":true}]}}