{"id":2297,"date":"2019-07-18T07:55:01","date_gmt":"2019-07-18T12:55:01","guid":{"rendered":"http:\/\/www.zonaroja.com.mx\/?p=2297"},"modified":"2019-07-17T20:41:17","modified_gmt":"2019-07-18T01:41:17","slug":"oaxaqueno-estrenara-en-europa-obra-inspirada-en-la-cancion-mixteca","status":"publish","type":"post","link":"https:\/\/zonaroja.com.mx\/?p=2297","title":{"rendered":"Oaxaque\u00f1o estrenar\u00e1 en Europa obra inspirada en la \u201cCanci\u00f3n Mixteca\u201d"},"content":{"rendered":"\n<p>Evlin Arag\u00f3n<\/p>\n\n\n\n<p>Oaxaca de\nJu\u00e1rez, Oax., 16 de julio de 2019.- Inspirado en la \u201cCanci\u00f3n Mixteca\u201d, el\noaxaque\u00f1o Eduardo \u00c1ngel Aguilar V\u00e1squez, reci\u00e9n egresado de la licenciatura en\nComposici\u00f3n de la Facultad de M\u00fasica de la UNAM, compuso la melod\u00eda \u201cQuisiera\nllorar, quisiera morir\u2026\u201d, que estrenar\u00e1 el pr\u00f3ximo 6 de agosto en Budapest,\nHungr\u00eda.<\/p>\n\n\n\n<p>Lo anterior\nmarcar\u00e1 el debut internacional de la obra para cello, viol\u00edn, clarinete y\npiano, creada por el oaxaque\u00f1o y que se ser\u00e1 interpretada en un concierto del\nEnsemble Impronta, dirigido por Andreas Luca Beraldo y Jeanne Vogt.<\/p>\n\n\n\n<p>Originario\nde Ocotl\u00e1n de Morelos, Oaxaca, Eduardo viajo a la Ciudad de M\u00e9xico para\nrealizar sus estudios, su estancia en la capital del pa\u00eds le permiti\u00f3 reconocer\nel sentimiento que evoca la \u201cCanci\u00f3n Mixteca\u201d e inspirarse en ello para la\nrealizaci\u00f3n de su pieza musical. <\/p>\n\n\n\n<p>\u201cNo he\ntomado fragmentos de su m\u00fasica, pero s\u00ed un par de palabras para titular mi\npieza, espec\u00edficamente la frase que considero m\u00e1s triste. Intent\u00e9 que la m\u00fasica\nse manifestara en un l\u00edmite et\u00e9reo, como si se tratara de escuchar pedazos\namorfos de melod\u00edas. No las melod\u00edas definidas, sino sus estelas, sus ecos,\nalgo cercano al aire\u201d, dijo recientemente en entrevista para la gaceta del a\nUNAM.<\/p>\n\n\n\n<p>El joven\nm\u00fasico indic\u00f3 que su intenci\u00f3n no es hacer m\u00fasico, sino una estela sonora que\npueda incrustarse sutilmente en un espacio. \u201cHe buscado construir lo que ese\nfragmento \u2013de la \u201cCanci\u00f3n Mixteca\u201d\u2013 me evoca: una penumbra, un ambiente\nsilencioso donde los m\u00fasicos puedan tocar con poca luz, donde una inmensa\nnostalgia pueda invadir el pensamiento, un fr\u00e1gil \u00e1mbito oscuro y vac\u00edo para\nllorar, para morir\u2026\u201d.<\/p>\n\n\n\n<p>La pieza de\nreciente creaci\u00f3n y pr\u00f3xima a estrenarse en Budapest, tiene una duraci\u00f3n de\nnueve minutos con 22 segundos y obtuvo el tercer lugar en el Primer Concurso de\nComposici\u00f3n de Ensamble Impronta 2019, en Mannheim, Alemania; s\u00f3lo por debajo\nJap\u00f3n e Italia, que fueron elegidas de entre 148 trabajos de 26 pa\u00edses.<\/p>\n\n\n\n<p>Previamente,\nAguilar V\u00e1squez tambi\u00e9n gan\u00f3 el Concurso de Composici\u00f3n \u201cArturo M\u00e1rquez\u201d para\nOrquesta de C\u00e1mara en 2015, con \u201cEl Malcomido\u201d, y en 2017, con \u201cSanto Domingo\ndel Temblor\u201d; y del concurso del Seminario Universitario de Investigaci\u00f3n en\nCreaci\u00f3n Art\u00edstica (SUICREA) de la UNAM, con \u201cLa Pared de Adobe\u201d, que present\u00f3\nen el Museo Universitario de Ciencias y Arte (MUCA).<\/p>\n","protected":false},"excerpt":{"rendered":"<p>Evlin Arag\u00f3n Oaxaca de Ju\u00e1rez, Oax., 16 de julio de 2019.- Inspirado en la \u201cCanci\u00f3n&hellip;<\/p>\n","protected":false},"author":2,"featured_media":2298,"comment_status":"closed","ping_status":"open","sticky":false,"template":"","format":"standard","meta":{"_lmt_disableupdate":"","_lmt_disable":"","_jetpack_memberships_contains_paid_content":false,"footnotes":""},"categories":[109,46],"tags":[],"class_list":["post-2297","post","type-post","status-publish","format-standard","has-post-thumbnail","hentry","category-minuto-a-minuto","category-zona-blanca"],"jetpack_featured_media_url":"https:\/\/zonaroja.com.mx\/wp-content\/uploads\/2019\/07\/m\u00fasico-oaxaque\u00f1o.jpg","jetpack_sharing_enabled":true,"_links":{"self":[{"href":"https:\/\/zonaroja.com.mx\/index.php?rest_route=\/wp\/v2\/posts\/2297","targetHints":{"allow":["GET"]}}],"collection":[{"href":"https:\/\/zonaroja.com.mx\/index.php?rest_route=\/wp\/v2\/posts"}],"about":[{"href":"https:\/\/zonaroja.com.mx\/index.php?rest_route=\/wp\/v2\/types\/post"}],"author":[{"embeddable":true,"href":"https:\/\/zonaroja.com.mx\/index.php?rest_route=\/wp\/v2\/users\/2"}],"replies":[{"embeddable":true,"href":"https:\/\/zonaroja.com.mx\/index.php?rest_route=%2Fwp%2Fv2%2Fcomments&post=2297"}],"version-history":[{"count":1,"href":"https:\/\/zonaroja.com.mx\/index.php?rest_route=\/wp\/v2\/posts\/2297\/revisions"}],"predecessor-version":[{"id":2299,"href":"https:\/\/zonaroja.com.mx\/index.php?rest_route=\/wp\/v2\/posts\/2297\/revisions\/2299"}],"wp:featuredmedia":[{"embeddable":true,"href":"https:\/\/zonaroja.com.mx\/index.php?rest_route=\/wp\/v2\/media\/2298"}],"wp:attachment":[{"href":"https:\/\/zonaroja.com.mx\/index.php?rest_route=%2Fwp%2Fv2%2Fmedia&parent=2297"}],"wp:term":[{"taxonomy":"category","embeddable":true,"href":"https:\/\/zonaroja.com.mx\/index.php?rest_route=%2Fwp%2Fv2%2Fcategories&post=2297"},{"taxonomy":"post_tag","embeddable":true,"href":"https:\/\/zonaroja.com.mx\/index.php?rest_route=%2Fwp%2Fv2%2Ftags&post=2297"}],"curies":[{"name":"wp","href":"https:\/\/api.w.org\/{rel}","templated":true}]}}