{"id":22973,"date":"2021-01-29T15:40:00","date_gmt":"2021-01-29T21:40:00","guid":{"rendered":"http:\/\/www.zonaroja.com.mx\/?p=22973"},"modified":"2021-01-29T15:40:16","modified_gmt":"2021-01-29T21:40:16","slug":"ante-desatencion-del-gobierno-de-oaxaca-vendra-segob-a-atender-conflicto-triqui","status":"publish","type":"post","link":"https:\/\/zonaroja.com.mx\/?p=22973","title":{"rendered":"Ante desatenci\u00f3n del gobierno de Oaxaca, vendr\u00e1 Segob a atender conflicto Triqui"},"content":{"rendered":"\n<p>Yuridiana Sosa\/Zona Roja.<\/p>\n\n\n\n<p>Oaxaca de Ju\u00e1rez, Oax., 29 de enero de 2021.- A dos semanas de la instalaci\u00f3n de un sitio a la comunidad de Tierra Blanca Copala, en la Mixteca de Oaxaca, por un grupo \u201cparamilitar\u201d, el subsecretario de Derechos Humanos de la Secretar\u00eda de Gobernaci\u00f3n (Segob), Alejandro Encinas, inform\u00f3 que visitar\u00e1 la entidad la pr\u00f3xima semana, para iniciar el proceso de conciliaci\u00f3n y paz en la zona Triqui.<\/p>\n\n\n\n<p>En la conferencia matutina de este viernes, el responsable de Derechos Humanos de la Segob, anunci\u00f3 que estar\u00e1 presente en la comunidad de Yosoyuxi Copala, donde se encuentran m\u00e1s de 500 personas desplazadas, para comenzar la mesa de paz.<\/p>\n\n\n\n<p>El funcionario se\u00f1al\u00f3: \u201cNo vamos a caer en la simulaci\u00f3n tradicional y tendr\u00e1n que participar todos los actores, incluidos el Gobierno del Estado, es su responsabilidad, es la autoridad en la entidad\u201d.<\/p>\n\n\n\n<p>Pero tambi\u00e9n dijo que \u201ctendr\u00e1n que sentarse todos los grupos y s\u00ed, van a tener que sentarse a dialogar con sus adversarios o con quienes han cometido agravios profund\u00edsimos entre s\u00ed, porque hay da\u00f1os de todas partes\u201d.<\/p>\n\n\n\n<p>Alejandro Encinas apunt\u00f3 que las soluciones en la regi\u00f3n partir\u00e1n en dos sentidos, primero que \u201cno haya intervenci\u00f3n gubernamental, local o federal, en la soluci\u00f3n que adopten las comunidades y tendr\u00e1n que conceder todo\u201d.<\/p>\n\n\n\n<p>Convoc\u00f3 a las organizaciones involucradas en la violencia en la zona al paso del tiempo, como son el&nbsp; Movimiento de Unificaci\u00f3n de Lucha Triqui (MULT), el&nbsp; Movimiento de Unificaci\u00f3n de Lucha Triqui Independiente (MULTI), la Confederaci\u00f3n Nacional Campesina (CNC) y Uni\u00f3n de Bienestar Social de la Regi\u00f3n Triqui (Ubisort).<\/p>\n\n\n\n<p>El subsecretario de la Segob dijo que no es la fuerza p\u00fablica lo que resolver\u00e1 el problema, pues eso se ha intentado y ha fracasado frecuentemente.<\/p>\n\n\n\n<p>As\u00ed tambi\u00e9n, agreg\u00f3 que de ser posible se aplicar\u00e1 un programa de desarme por la portaci\u00f3n de armas de fuego de uso exclusivo del ej\u00e9rcito en esas poblaciones, as\u00ed como se tendr\u00eda que identificar a los responsables del tr\u00e1fico de armas.<\/p>\n\n\n\n<p>Encinas manifest\u00f3 que los que se logre en esta ocasi\u00f3n con los acuerdos de paz quiz\u00e1 no sea definitivo, pero al menos se sientan las condiciones para que haya reconciliaci\u00f3n y que al menos existan las condiciones para que las personas que han sido desplazadas, y quieren, puedan regresar a sus comunidades de origen, desde las que habitan en otras comunidades locales, en la capital del estado, como en otros estado o pa\u00edses.<\/p>\n","protected":false},"excerpt":{"rendered":"<p>Yuridiana Sosa\/Zona Roja. Oaxaca de Ju\u00e1rez, Oax., 29 de enero de 2021.- A dos semanas&hellip;<\/p>\n","protected":false},"author":2,"featured_media":22974,"comment_status":"closed","ping_status":"open","sticky":false,"template":"","format":"standard","meta":{"_lmt_disableupdate":"","_lmt_disable":"","_jetpack_memberships_contains_paid_content":false,"footnotes":""},"categories":[109,47],"tags":[2412,1712],"class_list":["post-22973","post","type-post","status-publish","format-standard","has-post-thumbnail","hentry","category-minuto-a-minuto","category-zona-gris","tag-alejandro-encinas","tag-tierra-blanca-copala"],"jetpack_featured_media_url":"https:\/\/zonaroja.com.mx\/wp-content\/uploads\/2021\/01\/Alejandro-Encinas.jpg","jetpack_sharing_enabled":true,"_links":{"self":[{"href":"https:\/\/zonaroja.com.mx\/index.php?rest_route=\/wp\/v2\/posts\/22973","targetHints":{"allow":["GET"]}}],"collection":[{"href":"https:\/\/zonaroja.com.mx\/index.php?rest_route=\/wp\/v2\/posts"}],"about":[{"href":"https:\/\/zonaroja.com.mx\/index.php?rest_route=\/wp\/v2\/types\/post"}],"author":[{"embeddable":true,"href":"https:\/\/zonaroja.com.mx\/index.php?rest_route=\/wp\/v2\/users\/2"}],"replies":[{"embeddable":true,"href":"https:\/\/zonaroja.com.mx\/index.php?rest_route=%2Fwp%2Fv2%2Fcomments&post=22973"}],"version-history":[{"count":1,"href":"https:\/\/zonaroja.com.mx\/index.php?rest_route=\/wp\/v2\/posts\/22973\/revisions"}],"predecessor-version":[{"id":22975,"href":"https:\/\/zonaroja.com.mx\/index.php?rest_route=\/wp\/v2\/posts\/22973\/revisions\/22975"}],"wp:featuredmedia":[{"embeddable":true,"href":"https:\/\/zonaroja.com.mx\/index.php?rest_route=\/wp\/v2\/media\/22974"}],"wp:attachment":[{"href":"https:\/\/zonaroja.com.mx\/index.php?rest_route=%2Fwp%2Fv2%2Fmedia&parent=22973"}],"wp:term":[{"taxonomy":"category","embeddable":true,"href":"https:\/\/zonaroja.com.mx\/index.php?rest_route=%2Fwp%2Fv2%2Fcategories&post=22973"},{"taxonomy":"post_tag","embeddable":true,"href":"https:\/\/zonaroja.com.mx\/index.php?rest_route=%2Fwp%2Fv2%2Ftags&post=22973"}],"curies":[{"name":"wp","href":"https:\/\/api.w.org\/{rel}","templated":true}]}}