{"id":22976,"date":"2021-01-29T18:50:03","date_gmt":"2021-01-30T00:50:03","guid":{"rendered":"http:\/\/www.zonaroja.com.mx\/?p=22976"},"modified":"2021-01-29T18:50:07","modified_gmt":"2021-01-30T00:50:07","slug":"exigen-a-morenistas-jesus-romero-y-edy-caballero-retirar-su-propaganda","status":"publish","type":"post","link":"https:\/\/zonaroja.com.mx\/?p=22976","title":{"rendered":"Exigen a morenistas Jes\u00fas Romero y Edy Caballero retirar su propaganda"},"content":{"rendered":"\n<p>Yuridiana Sosa\/Zona Roja.<\/p>\n\n\n\n<p>Oaxaca de Ju\u00e1rez, Oax., 29 de enero de 2021.- El instituto Estatal Electoral y de Participaci\u00f3n Ciudadana de Oaxaca (IEEPCO) resolvi\u00f3 que Jes\u00fas Romero L\u00f3pez, ex representante de la Segob en Oaxaca, cometi\u00f3 actos anticipados de campa\u00f1a al colocar propaganda de su imagen en la capital del estado.<\/p>\n\n\n\n<p>En similares t\u00e9rminos se pronunci\u00f3 por el caso de Edy Caballero, director de Seguridad P\u00fablica de Santa Cruz Xoxocotl\u00e1n y allegado al priista Juan D\u00edaz Pimentel, quien tambi\u00e9n ha colocado de decenas de anuncios para promover su imagen.<\/p>\n\n\n\n<p>En el caso de Romero L\u00f3pez, presunto aspirante a candidato para la presidencia municipal de Oaxaca de Ju\u00e1rez por el Partido Morena, se le orden\u00f3 retirar su propaganda con fines electorales colocadas en espectaculares y autobuses urbanos, con un plazo de las primeras horas de este s\u00e1bado 30 de enero.<\/p>\n\n\n\n<p>La resoluci\u00f3n se emiti\u00f3 en sesi\u00f3n extraordinaria de este 28 de enero por parte de la Comisi\u00f3n de Quejas y Denuncias o Procedimiento Contencioso Electoral del IEEPCO.<\/p>\n\n\n\n<p>El instituto dio como plazo un t\u00e9rmino de 24 horas contadas a partir de su notificaci\u00f3n para el retiro inmediato de todos los espectaculares y los viniles adheribles en medios de transporte p\u00fablico que contengan su imagen y nombre con las siguientes leyendas: \u00abEl 2021 con Jes\u00fas Romero el mero mero\u00bb.<\/p>\n\n\n\n<p>El IEEPCO exhort\u00f3 a Jes\u00fas Romero &#8211;allegado al ex gobernador Ulises Ruiz Ortiz&#8211; a que \u201cajuste su actuar a las etapas y tiempos establecidos en el calendario electoral emitido por el Consejo General del Instituto Estatal Electoral y de Participaci\u00f3n Ciudadana de Oaxaca en el proceso electoral 2020-2021\u201d.<\/p>\n\n\n\n<p>Con respecto a Edy Caballero, la Comisi\u00f3n de Quejas y Denuncias del IEEPCO tambi\u00e9n le pidi\u00f3 retirar su propaganda en un plazo de 24 horas, relacionada con la promoci\u00f3n en la revista \u201cL\u00edder-es\u201d.<\/p>\n\n\n\n<p>\u201cSe le exhorta al ciudadano Edy Caballero L\u00f3pez para que ajuste su actuar a las etapas y tiempos establecidos en el calendario electoral emitido por el Consejo General del Instituto\u201d, refiere.<\/p>\n","protected":false},"excerpt":{"rendered":"<p>Yuridiana Sosa\/Zona Roja. Oaxaca de Ju\u00e1rez, Oax., 29 de enero de 2021.- El instituto Estatal&hellip;<\/p>\n","protected":false},"author":2,"featured_media":22977,"comment_status":"closed","ping_status":"open","sticky":false,"template":"","format":"standard","meta":{"_lmt_disableupdate":"","_lmt_disable":"","_jetpack_memberships_contains_paid_content":false,"footnotes":""},"categories":[109,47],"tags":[891],"class_list":["post-22976","post","type-post","status-publish","format-standard","has-post-thumbnail","hentry","category-minuto-a-minuto","category-zona-gris","tag-jesus-romero-lopez"],"jetpack_featured_media_url":"https:\/\/zonaroja.com.mx\/wp-content\/uploads\/2021\/01\/Espectaculares-Jesus-Romero-y-Edy-Caballero.jpg","jetpack_sharing_enabled":true,"_links":{"self":[{"href":"https:\/\/zonaroja.com.mx\/index.php?rest_route=\/wp\/v2\/posts\/22976","targetHints":{"allow":["GET"]}}],"collection":[{"href":"https:\/\/zonaroja.com.mx\/index.php?rest_route=\/wp\/v2\/posts"}],"about":[{"href":"https:\/\/zonaroja.com.mx\/index.php?rest_route=\/wp\/v2\/types\/post"}],"author":[{"embeddable":true,"href":"https:\/\/zonaroja.com.mx\/index.php?rest_route=\/wp\/v2\/users\/2"}],"replies":[{"embeddable":true,"href":"https:\/\/zonaroja.com.mx\/index.php?rest_route=%2Fwp%2Fv2%2Fcomments&post=22976"}],"version-history":[{"count":1,"href":"https:\/\/zonaroja.com.mx\/index.php?rest_route=\/wp\/v2\/posts\/22976\/revisions"}],"predecessor-version":[{"id":22978,"href":"https:\/\/zonaroja.com.mx\/index.php?rest_route=\/wp\/v2\/posts\/22976\/revisions\/22978"}],"wp:featuredmedia":[{"embeddable":true,"href":"https:\/\/zonaroja.com.mx\/index.php?rest_route=\/wp\/v2\/media\/22977"}],"wp:attachment":[{"href":"https:\/\/zonaroja.com.mx\/index.php?rest_route=%2Fwp%2Fv2%2Fmedia&parent=22976"}],"wp:term":[{"taxonomy":"category","embeddable":true,"href":"https:\/\/zonaroja.com.mx\/index.php?rest_route=%2Fwp%2Fv2%2Fcategories&post=22976"},{"taxonomy":"post_tag","embeddable":true,"href":"https:\/\/zonaroja.com.mx\/index.php?rest_route=%2Fwp%2Fv2%2Ftags&post=22976"}],"curies":[{"name":"wp","href":"https:\/\/api.w.org\/{rel}","templated":true}]}}