{"id":22979,"date":"2021-01-29T21:28:45","date_gmt":"2021-01-30T03:28:45","guid":{"rendered":"http:\/\/www.zonaroja.com.mx\/?p=22979"},"modified":"2021-01-29T21:28:56","modified_gmt":"2021-01-30T03:28:56","slug":"reporta-loma-bonita-rebrote-de-covid-van-20-defunciones-en-enero","status":"publish","type":"post","link":"https:\/\/zonaroja.com.mx\/?p=22979","title":{"rendered":"Reporta Loma Bonita rebrote de Covid; van 20 defunciones en enero"},"content":{"rendered":"\n<p>Yuridiana Sosa\/Zona Roja.<\/p>\n\n\n\n<p>Oaxaca de Ju\u00e1rez, Oax., 29 de enero de 2021.- En el transcurso del mes de enero se han registrado 20 defunciones relacionadas a Covid-19 en el municipio de Loma Bonita, en la regi\u00f3n de la Cuenca de Oaxaca, a consecuencia de un rebrote de casos .<\/p>\n\n\n\n<p>As\u00ed lo dio a conocer, en conferencia de prensa, el presidente municipal, Raymundo Rivera, quien asegur\u00f3 que son datos proporcionados por el sector salud, por lo que comenzaron este d\u00eda con la implementaci\u00f3n de desinfecciones en espacios p\u00fablicos.<\/p>\n\n\n\n<p>Para enfrentar esta segunda ola de contagios, se tendr\u00e1n que aplicar de forma rigurosa las sanciones a quienes no cumplan con las medidas, especialmente de no utilizar el cubrebocas, correspondiente a una multa de 300 pesos y 36 horas de arresto, pues durante el a\u00f1o 2020 la autoridad fue m\u00e1s tolerable.<\/p>\n\n\n\n<p>El edil indic\u00f3 que en esta ocasi\u00f3n, el ayuntamiento no fomentar\u00e1 el cierre de los comercios no indispensables, como ocurri\u00f3 en meses anteriores, pues eso generar\u00eda graves p\u00e9rdidas econ\u00f3micas a las familias locales que dependen de esas actividades para obtener un ingreso.<\/p>\n\n\n\n<p>Por lo que exhort\u00f3 a los vendedores a mantener las medidas de higiene necesarias para evitar la propagaci\u00f3n del virus, pues de esta forma se puede frenar la cadena de contagios.<\/p>\n\n\n\n<p>Este es el segundo municipio de la regi\u00f3n de la Cuenca que en menos de una semana ha confirmado un nuevo brote de casos de Covid-19, el primero de ellos fue Santiago Cho\u00e1pam, con una suma de al menos 31 defunciones por ambas comunidades en lo que va del mes de enero.<\/p>\n","protected":false},"excerpt":{"rendered":"<p>Yuridiana Sosa\/Zona Roja. Oaxaca de Ju\u00e1rez, Oax., 29 de enero de 2021.- En el transcurso&hellip;<\/p>\n","protected":false},"author":2,"featured_media":14203,"comment_status":"closed","ping_status":"open","sticky":false,"template":"","format":"standard","meta":{"_lmt_disableupdate":"","_lmt_disable":"","_jetpack_memberships_contains_paid_content":false,"footnotes":""},"categories":[109,47],"tags":[2413],"class_list":["post-22979","post","type-post","status-publish","format-standard","has-post-thumbnail","hentry","category-minuto-a-minuto","category-zona-gris","tag-loma-bonit"],"jetpack_featured_media_url":"https:\/\/zonaroja.com.mx\/wp-content\/uploads\/2020\/06\/Loma-Bonita.jpg","jetpack_sharing_enabled":true,"_links":{"self":[{"href":"https:\/\/zonaroja.com.mx\/index.php?rest_route=\/wp\/v2\/posts\/22979","targetHints":{"allow":["GET"]}}],"collection":[{"href":"https:\/\/zonaroja.com.mx\/index.php?rest_route=\/wp\/v2\/posts"}],"about":[{"href":"https:\/\/zonaroja.com.mx\/index.php?rest_route=\/wp\/v2\/types\/post"}],"author":[{"embeddable":true,"href":"https:\/\/zonaroja.com.mx\/index.php?rest_route=\/wp\/v2\/users\/2"}],"replies":[{"embeddable":true,"href":"https:\/\/zonaroja.com.mx\/index.php?rest_route=%2Fwp%2Fv2%2Fcomments&post=22979"}],"version-history":[{"count":1,"href":"https:\/\/zonaroja.com.mx\/index.php?rest_route=\/wp\/v2\/posts\/22979\/revisions"}],"predecessor-version":[{"id":22980,"href":"https:\/\/zonaroja.com.mx\/index.php?rest_route=\/wp\/v2\/posts\/22979\/revisions\/22980"}],"wp:featuredmedia":[{"embeddable":true,"href":"https:\/\/zonaroja.com.mx\/index.php?rest_route=\/wp\/v2\/media\/14203"}],"wp:attachment":[{"href":"https:\/\/zonaroja.com.mx\/index.php?rest_route=%2Fwp%2Fv2%2Fmedia&parent=22979"}],"wp:term":[{"taxonomy":"category","embeddable":true,"href":"https:\/\/zonaroja.com.mx\/index.php?rest_route=%2Fwp%2Fv2%2Fcategories&post=22979"},{"taxonomy":"post_tag","embeddable":true,"href":"https:\/\/zonaroja.com.mx\/index.php?rest_route=%2Fwp%2Fv2%2Ftags&post=22979"}],"curies":[{"name":"wp","href":"https:\/\/api.w.org\/{rel}","templated":true}]}}