{"id":22987,"date":"2021-01-30T08:09:48","date_gmt":"2021-01-30T14:09:48","guid":{"rendered":"http:\/\/www.zonaroja.com.mx\/?p=22987"},"modified":"2021-01-30T08:09:52","modified_gmt":"2021-01-30T14:09:52","slug":"concentran-cinco-estados-entre-ellos-oaxaca-63-de-poblacion-en-pobreza-extrema","status":"publish","type":"post","link":"https:\/\/zonaroja.com.mx\/?p=22987","title":{"rendered":"Concentran cinco estados, entre ellos Oaxaca, 63% de poblaci\u00f3n en pobreza extrema"},"content":{"rendered":"\n<p>Redacci\u00f3n\/Zona Roja Cdmx.<\/p>\n\n\n\n<p>Ciudad de M\u00e9xico, 30 de enero de 2021.- La Secretar\u00eda de Bienestar public\u00f3 el Informe Anual sobre la situaci\u00f3n de pobreza y rezago social de estados y municipios y demarcaciones territoriales para el ejercicio fiscal 2021.<\/p>\n\n\n\n<p>En la presentaci\u00f3n en el Diario Oficial, indic\u00f3 que entre 2010 y 2018 el n\u00famero de personas en situaci\u00f3n de pobreza en t\u00e9rminos absolutos aument\u00f3 en 12 estados, como Estado de M\u00e9xico, Veracruz, Chiapas, Morelos y Puebla.<\/p>\n\n\n\n<p>Mientras que en tres aument\u00f3 la cantidad de personas en pobreza extrema y que en siete estados la pobreza multidimensional alcanz\u00f3 a m\u00e1s de la mitad de su poblaci\u00f3n.<\/p>\n\n\n\n<p>Chiapas, Estado de M\u00e9xico, Oaxaca, Puebla y Veracruz concentraron hasta 2018 el 44 por ciento de la poblaci\u00f3n en situaci\u00f3n de pobreza, mientras que el 63 por ciento de la poblaci\u00f3n en pobreza extrema se ubic\u00f3 en Chiapas, Guerrero, Estado de M\u00e9xico, Oaxaca y Veracruz.<\/p>\n\n\n\n<p>\u00abLos estados de Chiapas, Guerrero y Oaxaca se encontraron en la misma situaci\u00f3n que en 2010\u00bb, indica el documento de Bienestar con datos hasta 2018.<\/p>\n\n\n\n<p>La Secretar\u00eda precis\u00f3 que las poblaciones ind\u00edgenas, personas con discapacidad, j\u00f3venes de 12 a 29 a\u00f1os y la poblaci\u00f3n mayor de 65 a\u00f1os representan 7.7 millones de mexicanos en pobreza extrema.<\/p>\n\n\n\n<p>El informe record\u00f3 que mientras que en Veracruz y Morelos se observ\u00f3 en 2018 un incremento en 4.2 y 7.6 puntos porcentuales de las personas en condici\u00f3n de pobreza, en Nuevo Le\u00f3n, con niveles bajos de pobreza, se registr\u00f3 una disminuci\u00f3n en 6.5 puntos porcentuales, con lo que se agrav\u00f3 la brecha entre entidades.<\/p>\n\n\n\n<p>\u00abAnte este panorama, se considera necesario reorientar las pol\u00edticas p\u00fablicas que promuevan la redistribuci\u00f3n de la riqueza, un crecimiento incluyente, sostenible y sustentable de las personas y sus familias\u00bb, indica el Informe de Bienestar.<\/p>\n\n\n\n<p>El documento presenta los indicadores por estado, los rezagos por zona y los recursos ejercidos del Fondo de Aportaciones para la Infraestructura Social (FAIS).<\/p>\n\n\n\n<p>\u00abEs deseable priorizar la atenci\u00f3n a las poblaciones que se encuentran en zonas con grados de alta o muy alta marginaci\u00f3n, alto \u00edndice de violencia o municipios con poblaci\u00f3n mayoritariamente ind\u00edgena, ya que la pobreza y pobreza extrema no se presentan de manera homog\u00e9nea en las 32 entidades del Pa\u00eds\u00bb, precisa.<\/p>\n\n\n\n<p>(Informaci\u00f3n del diario \u201cReforma\u201d)<\/p>\n","protected":false},"excerpt":{"rendered":"<p>Redacci\u00f3n\/Zona Roja Cdmx. Ciudad de M\u00e9xico, 30 de enero de 2021.- La Secretar\u00eda de Bienestar&hellip;<\/p>\n","protected":false},"author":2,"featured_media":22988,"comment_status":"closed","ping_status":"open","sticky":false,"template":"","format":"standard","meta":{"_lmt_disableupdate":"","_lmt_disable":"","_jetpack_memberships_contains_paid_content":false,"footnotes":""},"categories":[109,47],"tags":[2414],"class_list":["post-22987","post","type-post","status-publish","format-standard","has-post-thumbnail","hentry","category-minuto-a-minuto","category-zona-gris","tag-informa-anual-pobreza-mexico"],"jetpack_featured_media_url":"https:\/\/zonaroja.com.mx\/wp-content\/uploads\/2021\/01\/Pobreza-en-Mexico.jpg","jetpack_sharing_enabled":true,"_links":{"self":[{"href":"https:\/\/zonaroja.com.mx\/index.php?rest_route=\/wp\/v2\/posts\/22987","targetHints":{"allow":["GET"]}}],"collection":[{"href":"https:\/\/zonaroja.com.mx\/index.php?rest_route=\/wp\/v2\/posts"}],"about":[{"href":"https:\/\/zonaroja.com.mx\/index.php?rest_route=\/wp\/v2\/types\/post"}],"author":[{"embeddable":true,"href":"https:\/\/zonaroja.com.mx\/index.php?rest_route=\/wp\/v2\/users\/2"}],"replies":[{"embeddable":true,"href":"https:\/\/zonaroja.com.mx\/index.php?rest_route=%2Fwp%2Fv2%2Fcomments&post=22987"}],"version-history":[{"count":1,"href":"https:\/\/zonaroja.com.mx\/index.php?rest_route=\/wp\/v2\/posts\/22987\/revisions"}],"predecessor-version":[{"id":22989,"href":"https:\/\/zonaroja.com.mx\/index.php?rest_route=\/wp\/v2\/posts\/22987\/revisions\/22989"}],"wp:featuredmedia":[{"embeddable":true,"href":"https:\/\/zonaroja.com.mx\/index.php?rest_route=\/wp\/v2\/media\/22988"}],"wp:attachment":[{"href":"https:\/\/zonaroja.com.mx\/index.php?rest_route=%2Fwp%2Fv2%2Fmedia&parent=22987"}],"wp:term":[{"taxonomy":"category","embeddable":true,"href":"https:\/\/zonaroja.com.mx\/index.php?rest_route=%2Fwp%2Fv2%2Fcategories&post=22987"},{"taxonomy":"post_tag","embeddable":true,"href":"https:\/\/zonaroja.com.mx\/index.php?rest_route=%2Fwp%2Fv2%2Ftags&post=22987"}],"curies":[{"name":"wp","href":"https:\/\/api.w.org\/{rel}","templated":true}]}}