{"id":22990,"date":"2021-01-30T08:33:41","date_gmt":"2021-01-30T14:33:41","guid":{"rendered":"http:\/\/www.zonaroja.com.mx\/?p=22990"},"modified":"2021-01-30T08:33:45","modified_gmt":"2021-01-30T14:33:45","slug":"destituye-poblacion-a-edil-panista-de-sola-de-vega-tras-bloqueos","status":"publish","type":"post","link":"https:\/\/zonaroja.com.mx\/?p=22990","title":{"rendered":"Destituye poblaci\u00f3n a edil panista de Sola de Vega, tras bloqueos"},"content":{"rendered":"\n<p>Redacci\u00f3n\/Zona Roja.<\/p>\n\n\n\n<p>Oaxaca de Ju\u00e1rez, Oax., 30 de enero de 2021.- Luego de cuatro d\u00edas de bloqueo carretero y un intento de linchamiento, la asamblea de la Villa Sola de Vega, Oaxaca, logr\u00f3 la destituci\u00f3n de Esa\u00fa N\u00fa\u00f1ez Calvo como presidente municipal.<\/p>\n\n\n\n<p>Desde el martes inici\u00f3 la revuelta en contra del edil surgido del Partido Acci\u00f3n Nacional por parte de los ciudadanos, inconformes por la falta de obra p\u00fablica y de servicios b\u00e1sicos, presunta corrupci\u00f3n en el manejo del presupuesto y supuesta protecci\u00f3n a grupos delictivos.<\/p>\n\n\n\n<p>Por la noche iniciaron el bloqueo a la v\u00eda federal 131, Oaxaca-Puerto Escondido, en que daban paso temporal a las unidades de motor. El mi\u00e9rcoles por la ma\u00f1ana el edil intent\u00f3 obligar a los pobladores a retirar el bloqueo, lo que origin\u00f3 que fuera detenido con la intenci\u00f3n de lincharlo, para lo cual le colocaron una soga en el cuello.<\/p>\n\n\n\n<p>En ninguno de los cuatro d\u00edas hubo informaci\u00f3n por parte de la Secretar\u00eda General de Gobierno (Segego), a cargo de Francisco Garc\u00eda L\u00f3pez, acerca de la intervenci\u00f3n para arreglar el conflicto.<\/p>\n\n\n\n<p>Finalmente, ayer por la tarde el Cabildo design\u00f3 al suplente Antonio Gregorio Cruz R\u00edos como presidente municipal sustituto, cargo que ser\u00e1 formalizado en los pr\u00f3ximos d\u00edas ante las autoridades correspondientes.<\/p>\n","protected":false},"excerpt":{"rendered":"<p>Redacci\u00f3n\/Zona Roja. Oaxaca de Ju\u00e1rez, Oax., 30 de enero de 2021.- Luego de cuatro d\u00edas&hellip;<\/p>\n","protected":false},"author":2,"featured_media":22991,"comment_status":"closed","ping_status":"open","sticky":false,"template":"","format":"standard","meta":{"_lmt_disableupdate":"","_lmt_disable":"","_jetpack_memberships_contains_paid_content":false,"footnotes":""},"categories":[109,47],"tags":[2415,1236],"class_list":["post-22990","post","type-post","status-publish","format-standard","has-post-thumbnail","hentry","category-minuto-a-minuto","category-zona-gris","tag-esau-nunez-calvo","tag-villa-sola-de-vega"],"jetpack_featured_media_url":"https:\/\/zonaroja.com.mx\/wp-content\/uploads\/2021\/01\/Esau-Nunez.jpg","jetpack_sharing_enabled":true,"_links":{"self":[{"href":"https:\/\/zonaroja.com.mx\/index.php?rest_route=\/wp\/v2\/posts\/22990","targetHints":{"allow":["GET"]}}],"collection":[{"href":"https:\/\/zonaroja.com.mx\/index.php?rest_route=\/wp\/v2\/posts"}],"about":[{"href":"https:\/\/zonaroja.com.mx\/index.php?rest_route=\/wp\/v2\/types\/post"}],"author":[{"embeddable":true,"href":"https:\/\/zonaroja.com.mx\/index.php?rest_route=\/wp\/v2\/users\/2"}],"replies":[{"embeddable":true,"href":"https:\/\/zonaroja.com.mx\/index.php?rest_route=%2Fwp%2Fv2%2Fcomments&post=22990"}],"version-history":[{"count":1,"href":"https:\/\/zonaroja.com.mx\/index.php?rest_route=\/wp\/v2\/posts\/22990\/revisions"}],"predecessor-version":[{"id":22992,"href":"https:\/\/zonaroja.com.mx\/index.php?rest_route=\/wp\/v2\/posts\/22990\/revisions\/22992"}],"wp:featuredmedia":[{"embeddable":true,"href":"https:\/\/zonaroja.com.mx\/index.php?rest_route=\/wp\/v2\/media\/22991"}],"wp:attachment":[{"href":"https:\/\/zonaroja.com.mx\/index.php?rest_route=%2Fwp%2Fv2%2Fmedia&parent=22990"}],"wp:term":[{"taxonomy":"category","embeddable":true,"href":"https:\/\/zonaroja.com.mx\/index.php?rest_route=%2Fwp%2Fv2%2Fcategories&post=22990"},{"taxonomy":"post_tag","embeddable":true,"href":"https:\/\/zonaroja.com.mx\/index.php?rest_route=%2Fwp%2Fv2%2Ftags&post=22990"}],"curies":[{"name":"wp","href":"https:\/\/api.w.org\/{rel}","templated":true}]}}