{"id":22996,"date":"2021-01-30T11:13:09","date_gmt":"2021-01-30T17:13:09","guid":{"rendered":"http:\/\/www.zonaroja.com.mx\/?p=22996"},"modified":"2021-01-30T11:13:13","modified_gmt":"2021-01-30T17:13:13","slug":"decrece-5-2-economia-de-oaxaca-en-tercer-trimestre-2020-sector-turistico-afectado","status":"publish","type":"post","link":"https:\/\/zonaroja.com.mx\/?p=22996","title":{"rendered":"Decrece 5.2% econom\u00eda de Oaxaca en tercer trimestre 2020; sector tur\u00edstico, afectado"},"content":{"rendered":"\n<p>Yuridiana Sosa\/Zona Roja.<\/p>\n\n\n\n<p>Oaxaca de Ju\u00e1rez, Oax., 29 de enero de 2021.- Durante el tercer trimestre del 2020, Oaxaca report\u00f3 una ca\u00edda en sus actividades econ\u00f3micas de 5.2 por ciento y un acumulado en los primeros nueves meses del a\u00f1o (enero-septiembre decreci\u00f3) de menos 8.2 por ciento, de acuerdo con el Indicador Trimestral de la Actividad Econ\u00f3mica Estatal (ITAEE) del INEGI.<\/p>\n\n\n\n<p>Las cifras representan una diferencia importante en comparaci\u00f3n con el tercer trimestre del 2019, cuando registr\u00f3 menos 2.2 por ciento y un cierre de a\u00f1o con menos 3.3 por ciento.<\/p>\n\n\n\n<p>En el transcurso del 2020, las actividades terciarias son las m\u00e1s afectadas, con una disminuci\u00f3n durante ese periodo de 8.8 por ciento y un total de 8.5 en el acumulado de nueve meses.<\/p>\n\n\n\n<p>La disminuci\u00f3n en el \u00edndice se debe principalmente por las afectaciones en la prestaci\u00f3n de servicios de alojamiento temporal; preparaci\u00f3n de alimentos y bebidas; transportes, correos, almacenamiento, comercio, servicios educativos y otros, excepto actividades gubernamentales.<\/p>\n\n\n\n<p>Por el contrario, las actividades primarias han ido en ascenso, con un alcance de 8.6 por ciento en el tercer trimestre, sobre todo por la agricultura. Mientras que en el mismo periodo de 2019 fue de 0.5 por ciento el crecimiento.<\/p>\n\n\n\n<p>Las Actividades Secundarias, con los sectores de la industria de la miner\u00eda, manufacturas, construcci\u00f3n y electricidad, reflejaron una variaci\u00f3n de 4.3 por ciento en el tercer trimestre de 2020, primordialmente por el comportamiento en el ramo de la construcci\u00f3n<\/p>\n\n\n\n<p>Ante el escenario general, durante el tercer trimestre de 2020, Oaxaca obtuvo la posici\u00f3n nueve en el total de la econom\u00eda, con menos 5.2 por ciento.<\/p>\n\n\n\n<p>El estado con menos reducciones fue Tabasco, con menos 0.1 y el mayor es Quintana Roo con menos 29 puntos.<\/p>\n","protected":false},"excerpt":{"rendered":"<p>Yuridiana Sosa\/Zona Roja. Oaxaca de Ju\u00e1rez, Oax., 29 de enero de 2021.- Durante el tercer&hellip;<\/p>\n","protected":false},"author":2,"featured_media":17257,"comment_status":"closed","ping_status":"open","sticky":false,"template":"","format":"standard","meta":{"_lmt_disableupdate":"","_lmt_disable":"","_jetpack_memberships_contains_paid_content":false,"footnotes":""},"categories":[109,47],"tags":[274],"class_list":["post-22996","post","type-post","status-publish","format-standard","has-post-thumbnail","hentry","category-minuto-a-minuto","category-zona-gris","tag-gobierno-de-oaxaca"],"jetpack_featured_media_url":"https:\/\/zonaroja.com.mx\/wp-content\/uploads\/2020\/09\/Portales-ciudad-de-Oaxaca.png","jetpack_sharing_enabled":true,"_links":{"self":[{"href":"https:\/\/zonaroja.com.mx\/index.php?rest_route=\/wp\/v2\/posts\/22996","targetHints":{"allow":["GET"]}}],"collection":[{"href":"https:\/\/zonaroja.com.mx\/index.php?rest_route=\/wp\/v2\/posts"}],"about":[{"href":"https:\/\/zonaroja.com.mx\/index.php?rest_route=\/wp\/v2\/types\/post"}],"author":[{"embeddable":true,"href":"https:\/\/zonaroja.com.mx\/index.php?rest_route=\/wp\/v2\/users\/2"}],"replies":[{"embeddable":true,"href":"https:\/\/zonaroja.com.mx\/index.php?rest_route=%2Fwp%2Fv2%2Fcomments&post=22996"}],"version-history":[{"count":1,"href":"https:\/\/zonaroja.com.mx\/index.php?rest_route=\/wp\/v2\/posts\/22996\/revisions"}],"predecessor-version":[{"id":22997,"href":"https:\/\/zonaroja.com.mx\/index.php?rest_route=\/wp\/v2\/posts\/22996\/revisions\/22997"}],"wp:featuredmedia":[{"embeddable":true,"href":"https:\/\/zonaroja.com.mx\/index.php?rest_route=\/wp\/v2\/media\/17257"}],"wp:attachment":[{"href":"https:\/\/zonaroja.com.mx\/index.php?rest_route=%2Fwp%2Fv2%2Fmedia&parent=22996"}],"wp:term":[{"taxonomy":"category","embeddable":true,"href":"https:\/\/zonaroja.com.mx\/index.php?rest_route=%2Fwp%2Fv2%2Fcategories&post=22996"},{"taxonomy":"post_tag","embeddable":true,"href":"https:\/\/zonaroja.com.mx\/index.php?rest_route=%2Fwp%2Fv2%2Ftags&post=22996"}],"curies":[{"name":"wp","href":"https:\/\/api.w.org\/{rel}","templated":true}]}}