{"id":22998,"date":"2021-01-30T13:44:08","date_gmt":"2021-01-30T19:44:08","guid":{"rendered":"http:\/\/www.zonaroja.com.mx\/?p=22998"},"modified":"2021-01-30T13:45:21","modified_gmt":"2021-01-30T19:45:21","slug":"periodista-de-oaxaca-denuncia-hostigamiento-de-fiscalia-general-del-estado","status":"publish","type":"post","link":"https:\/\/zonaroja.com.mx\/?p=22998","title":{"rendered":"Periodista de Oaxaca denuncia hostigamiento de Fiscal\u00eda General del Estado"},"content":{"rendered":"\n<p>Yuridiana Sosa\/Zona Roja.<\/p>\n\n\n\n<p>Oaxaca de Ju\u00e1rez, Oax., 30 de enero de 2021.- Tras la publicaci\u00f3n de una nota informativa, sobre el robo de un tr\u00e1iler, un periodista de la agencia de noticias Igavec comenz\u00f3 a recibir hostigamiento y hasta fue citado por la Vicefiscal\u00eda de la Mixteca, dependiente de la Fiscal\u00eda General del Estado, para conciliar con los presuntos delincuentes.<\/p>\n\n\n\n<p>A trav\u00e9s de una primera \u201cinvitaci\u00f3n\u201d, el reportero I. M. C. fue citado a la Unidad de Justicia Alternativa de Huajuapan de Le\u00f3n, Oaxaca, para un proceso de conciliaci\u00f3n sobre el caso asentado en la Carpeta de Investigaci\u00f3n 3180\/MIX\/ HUAJUAPAN\/2020.<\/p>\n\n\n\n<p>El medio de comunicaci\u00f3n que cubre informaci\u00f3n sobre la regi\u00f3n Mixteca y Ca\u00f1ada, principalmente, teme por la integridad del reportero debido a que el delito, debido al tipo de delincuentes; argumenta que el hecho fue reportado por la misma fuerza de seguridad p\u00fablica en Huajuapan.<\/p>\n\n\n\n<p>La informaci\u00f3n publicada fue sustentada por reportes oficiales, que indicaba el robo de un tractocami\u00f3n que, de acuerdo a las caracter\u00edsticas, se localiz\u00f3 con indicaci\u00f3n del GPS en la calle La Noria de la colonia San Mateo; es de la marca Freightliner, con placas de circulaci\u00f3n 61AM6P con una caja seca color blanco, placas 71-TZ-6S, n\u00famero RM-40606 con la leyenda Refrigerados Maverick.<\/p>\n\n\n\n<p>El informe policial, que incluy\u00f3 fotograf\u00edas y que todav\u00eda est\u00e1n en poder del medio de comunicaci\u00f3n, indic\u00f3 que la unidad fue puesta a disposici\u00f3n de la Fiscal\u00eda General de la Rep\u00fablica.<\/p>\n\n\n\n<p>En las labores policiales, cit\u00f3 el informe, los elementos se percataron de la presencia de seis personas descargando la mercanc\u00eda del cami\u00f3n, presuntamente robada, quienes al notar la presencia de los polic\u00edas ingresaron a una bodega.<\/p>\n\n\n\n<p>Ahora, el reportero ha recibido hostigamiento y es citado a declarar sobre estos hechos de los cuales le piden pruebas.<\/p>\n\n\n\n<p>La Asociaci\u00f3n de Periodistas Oaxaca (APO) le ofreci\u00f3 su asesor\u00eda y apoyo a fin de que se cometan arbitrariedades en contra del comunicador, con varios a\u00f1os de experiencia en la labor informativa.<\/p>\n","protected":false},"excerpt":{"rendered":"<p>Yuridiana Sosa\/Zona Roja. Oaxaca de Ju\u00e1rez, Oax., 30 de enero de 2021.- Tras la publicaci\u00f3n&hellip;<\/p>\n","protected":false},"author":2,"featured_media":23000,"comment_status":"closed","ping_status":"open","sticky":false,"template":"","format":"standard","meta":{"_lmt_disableupdate":"","_lmt_disable":"","_jetpack_memberships_contains_paid_content":false,"footnotes":""},"categories":[109,47],"tags":[2416],"class_list":["post-22998","post","type-post","status-publish","format-standard","has-post-thumbnail","hentry","category-minuto-a-minuto","category-zona-gris","tag-ignacio-medina-carrizosa"],"jetpack_featured_media_url":"https:\/\/zonaroja.com.mx\/wp-content\/uploads\/2021\/01\/Oficio-Vicefiscalia-Ignacio-Medina.jpg","jetpack_sharing_enabled":true,"_links":{"self":[{"href":"https:\/\/zonaroja.com.mx\/index.php?rest_route=\/wp\/v2\/posts\/22998","targetHints":{"allow":["GET"]}}],"collection":[{"href":"https:\/\/zonaroja.com.mx\/index.php?rest_route=\/wp\/v2\/posts"}],"about":[{"href":"https:\/\/zonaroja.com.mx\/index.php?rest_route=\/wp\/v2\/types\/post"}],"author":[{"embeddable":true,"href":"https:\/\/zonaroja.com.mx\/index.php?rest_route=\/wp\/v2\/users\/2"}],"replies":[{"embeddable":true,"href":"https:\/\/zonaroja.com.mx\/index.php?rest_route=%2Fwp%2Fv2%2Fcomments&post=22998"}],"version-history":[{"count":1,"href":"https:\/\/zonaroja.com.mx\/index.php?rest_route=\/wp\/v2\/posts\/22998\/revisions"}],"predecessor-version":[{"id":22999,"href":"https:\/\/zonaroja.com.mx\/index.php?rest_route=\/wp\/v2\/posts\/22998\/revisions\/22999"}],"wp:featuredmedia":[{"embeddable":true,"href":"https:\/\/zonaroja.com.mx\/index.php?rest_route=\/wp\/v2\/media\/23000"}],"wp:attachment":[{"href":"https:\/\/zonaroja.com.mx\/index.php?rest_route=%2Fwp%2Fv2%2Fmedia&parent=22998"}],"wp:term":[{"taxonomy":"category","embeddable":true,"href":"https:\/\/zonaroja.com.mx\/index.php?rest_route=%2Fwp%2Fv2%2Fcategories&post=22998"},{"taxonomy":"post_tag","embeddable":true,"href":"https:\/\/zonaroja.com.mx\/index.php?rest_route=%2Fwp%2Fv2%2Ftags&post=22998"}],"curies":[{"name":"wp","href":"https:\/\/api.w.org\/{rel}","templated":true}]}}