{"id":2300,"date":"2019-07-16T13:10:47","date_gmt":"2019-07-16T18:10:47","guid":{"rendered":"https:\/\/www.zonaroja.com.mx\/?p=2300"},"modified":"2019-07-16T13:11:07","modified_gmt":"2019-07-16T18:11:07","slug":"condicionan-apoyos-a-policias-de-la-capital-ya-se-esta-pagando-ayuntamiento","status":"publish","type":"post","link":"https:\/\/zonaroja.com.mx\/?p=2300","title":{"rendered":"Condicionan apoyos a polic\u00edas de la capital; \u201cya se est\u00e1 pagando\u201d: ayuntamiento\u00a0"},"content":{"rendered":"<p style=\"font-family: UICTFontTextStyleBody;font-size: 17px;font-style: normal;font-weight: normal;letter-spacing: normal;text-align: start;text-indent: 0px;text-transform: none;text-decoration: none;margin: 0cm 0cm 0.0001pt\"><span lang=\"ES\">Redacci\u00f3n<\/span><\/p>\n<p style=\"font-family: UICTFontTextStyleBody;font-size: 17px;font-style: normal;font-weight: normal;letter-spacing: normal;text-align: start;text-indent: 0px;text-transform: none;text-decoration: none;margin: 0cm 0cm 0.0001pt\"><span lang=\"ES\">Oaxaca de Ju\u00e1rez, Oax., 16 de julio de 2019.-&nbsp;<\/span><span>Este martes y tras varias protestas previas, elementos de la Polic\u00eda Municipal pararon labores por unas horas, debido al condicionamiento de las autoridades del municipio de Oaxaca de Ju\u00e1rez para gastar el recurso que les corresponde del Programa de Fortalecimiento para la Seguridad (Fortaseg)<\/span><\/p>\n<p style=\"font-family: UICTFontTextStyleBody;font-size: 17px;font-style: normal;font-weight: normal;letter-spacing: normal;text-align: start;text-indent: 0px;text-transform: none;text-decoration: none;margin: 0cm 0cm 0.0001pt\"><span lang=\"ES\">As\u00ed lo evidenciaron por la ma\u00f1ana, en su pase de lista, neg\u00e1ndose a salir y cumplir con sus obligaciones, ya que aseguran les est\u00e1n haciendo firmar una carta compromiso en la cual les condicionan en que pueden gastar su recursos, siendo los rubros de fondo para el retiro o de ahorro, apoyo educativo y a la vivienda.<\/span><\/p>\n<p style=\"font-family: UICTFontTextStyleBody;font-size: 17px;font-style: normal;font-weight: normal;letter-spacing: normal;text-align: start;text-indent: 0px;text-transform: none;text-decoration: none;margin: 0cm 0cm 0.0001pt\"><span lang=\"ES\">Reclamaron que apenas hace una semana, el edil Oswaldo Garc\u00eda Jarqu\u00edn se comprometi\u00f3 a otorgar el apoyo que a\u00f1o con a\u00f1o reciben por parte de la Federaci\u00f3n, sin ning\u00fan tipo de requisito adicional, por lo que calificaron de incongruencia que pretendan limitar el uso del recurso.<\/span><\/p>\n<p style=\"font-family: UICTFontTextStyleBody;font-size: 17px;font-style: normal;font-weight: normal;letter-spacing: normal;text-align: start;text-indent: 0px;text-transform: none;text-decoration: none;margin: 0cm 0cm 0.0001pt\"><span lang=\"ES\">\u201cResulta que el d\u00eda de ayer nos enteramos que el personal administrativo ya estaba cobrando el mencionado apoyo, sin embargo, para ello ped\u00edan la firma de una carta compromiso para delimitar el uso del apoyo\u201d, expresaron en un documento difundido en la redes sociales.<\/span><\/p>\n<p style=\"font-family: UICTFontTextStyleBody;font-size: 17px;font-style: normal;font-weight: normal;letter-spacing: normal;text-align: start;text-indent: 0px;text-transform: none;text-decoration: none;margin: 0cm 0cm 0.0001pt\"><span lang=\"ES\">Explicaron que debido los bajos sueldos con los que cuentan, este tipo de apoyo lo utilizan para saldar deudas, por lo que no consideran justo que se les condiciones su uso, raz\u00f3n por la que decidieron parar labores de forma indefinida a partir de este martes.&nbsp;<\/span><\/p>\n<p style=\"font-family: UICTFontTextStyleBody;font-size: 17px;font-style: normal;font-weight: normal;letter-spacing: normal;text-align: start;text-indent: 0px;text-transform: none;text-decoration: none;margin: 0cm 0cm 0.0001pt\"><span lang=\"ES\">\u201cNo vamos a salir a trabajar hasta que se desista de su pretensi\u00f3n de obligarnos a firmar una carta compromiso en la que indican en que debo invertir lo que es m\u00edo\u201d, refiri\u00f3 el documento.<\/span><\/p>\n<p style=\"font-family: UICTFontTextStyleBody;font-size: 17px;font-style: normal;font-weight: normal;letter-spacing: normal;text-align: start;text-indent: 0px;text-transform: none;text-decoration: none;margin: 0cm 0cm 0.0001pt\"><span lang=\"ES\">La protesta de los elementos de seguridad municipal inicio el pasado 2 de julio en exigencia de la aplicaci\u00f3n del recurso federal, a lo cual se comprometieron las autoridades a fin de evitar el paro de labores que inicio esta ma\u00f1ana.&nbsp;<\/span><\/p>\n<p style=\"font-family: UICTFontTextStyleBody;font-size: 17px;font-style: normal;font-weight: normal;letter-spacing: normal;text-align: start;text-indent: 0px;text-transform: none;text-decoration: none;margin: 0cm 0cm 0.0001pt\"><span lang=\"ES\">Despu\u00e9s del mediod\u00eda se desactiv\u00f3 la protesta al informar el ayuntamiento que los apoyos del Fortaseg que \u201cya se est\u00e1n pagando\u201d aunque con la condicionante de los tres rubros en que deben gastar el dinero. &nbsp;<\/span><\/p>\n<p style=\"font-family: UICTFontTextStyleBody;font-size: 17px;font-style: normal;font-weight: normal;letter-spacing: normal;text-align: start;text-indent: 0px;text-transform: none;text-decoration: none;margin: 0cm 0cm 0.0001pt\"><span lang=\"ES\">Los uniformados consiguieron que tambi\u00e9n se le d\u00e9 el apoyo econ\u00f3mico a m\u00e1s de 300 polic\u00edas que no cubren con el requisito federal para acceder al recurso.&nbsp;<\/span><\/p>\n<p style=\"font-family: monospace;font-size: 13.333333015441895px;font-style: normal;font-weight: normal;letter-spacing: normal;text-indent: 0px;text-transform: none;text-decoration: none;text-align: justify\"><span style=\"font-size: 12pt;font-family: arial, helvetica, sans-serif\">Los elementos de la Polic\u00eda <\/span>Municipal<span style=\"font-size: 12pt;font-family: arial, helvetica, sans-serif\"> seleccionaron los apoyos de la siguiente forma:<\/span><\/p>\n<p style=\"font-family: monospace;font-size: 13.333333015441895px;font-style: normal;font-weight: normal;letter-spacing: normal;text-indent: 0px;text-transform: none;text-decoration: none;text-align: justify\"><span style=\"font-family: arial, helvetica, sans-serif\">&nbsp;a.&nbsp;Apoyo educativo:&nbsp;<\/span><span style=\"font-family: arial, helvetica, sans-serif\"><strong>448&nbsp;<\/strong><\/span><span style=\"font-family: arial, helvetica, sans-serif\">beneficiarios<\/span><\/p>\n<p style=\"font-family: monospace;font-size: 13.333333015441895px;font-style: normal;font-weight: normal;letter-spacing: normal;text-indent: 0px;text-transform: none;text-decoration: none;text-align: justify\"><span style=\"font-family: arial, helvetica, sans-serif\">&nbsp;b. Mejora de vivienda:&nbsp;<\/span><span style=\"font-family: arial, helvetica, sans-serif\"><strong>82&nbsp;<\/strong><\/span><span style=\"font-family: arial, helvetica, sans-serif\">beneficiarios<\/span><\/p>\n<p style=\"font-family: monospace;font-size: 13.333333015441895px;font-style: normal;font-weight: normal;letter-spacing: normal;text-indent: 0px;text-transform: none;text-decoration: none;text-align: justify\"><span style=\"font-family: arial, helvetica, sans-serif\">&nbsp;c. Ahorro para el retiro:&nbsp;<\/span><span style=\"font-family: arial, helvetica, sans-serif\"><strong>202<\/strong><\/span><span style=\"font-family: arial, helvetica, sans-serif\">&nbsp;beneficiarios<\/span><\/p>\n<p style=\"font-family: monospace;font-size: 13.333333015441895px;font-style: normal;font-weight: normal;letter-spacing: normal;text-indent: 0px;text-transform: none;text-decoration: none;text-align: justify\"><span style=\"font-size: 12pt;font-family: arial, helvetica, sans-serif\">&nbsp;<\/span><\/p>\n<p style=\"font-family: monospace;font-size: 13.333333015441895px;font-style: normal;font-weight: normal;letter-spacing: normal;text-indent: 0px;text-transform: none;text-decoration: none;text-align: justify\"><span style=\"font-size: 12pt;font-family: arial, helvetica, sans-serif\">El total de recursos aplicados es de $<\/span><span style=\"font-size: 12pt;font-family: arial, helvetica, sans-serif\"><strong>5,128,443.24<\/strong><\/span><span style=\"font-size: 12pt;font-family: arial, helvetica, sans-serif\">.<\/span><\/p>\n<p style=\"font-family: UICTFontTextStyleBody;font-size: 17px;font-style: normal;font-weight: normal;letter-spacing: normal;text-align: start;text-indent: 0px;text-transform: none;text-decoration: none;margin: 0cm 0cm 0.0001pt\"><span lang=\"ES\"><\/span><\/p>\n<p style=\"font-family: UICTFontTextStyleBody;font-size: 17px;font-style: normal;font-weight: normal;letter-spacing: normal;text-align: start;text-indent: 0px;text-transform: none;text-decoration: none;margin: 0cm 0cm 0.0001pt\"><span lang=\"ES\"><br \/>\n<\/span><\/p>\n","protected":false},"excerpt":{"rendered":"<p>Redacci\u00f3n Oaxaca de Ju\u00e1rez, Oax., 16 de julio de 2019.-&nbsp;Este martes y tras varias protestas&hellip;<\/p>\n","protected":false},"author":2,"featured_media":0,"comment_status":"closed","ping_status":"open","sticky":false,"template":"","format":"standard","meta":{"_lmt_disableupdate":"","_lmt_disable":"","_jetpack_memberships_contains_paid_content":false,"footnotes":""},"categories":[1],"tags":[],"class_list":["post-2300","post","type-post","status-publish","format-standard","hentry","category-sin-categoria"],"jetpack_featured_media_url":"","jetpack_sharing_enabled":true,"_links":{"self":[{"href":"https:\/\/zonaroja.com.mx\/index.php?rest_route=\/wp\/v2\/posts\/2300","targetHints":{"allow":["GET"]}}],"collection":[{"href":"https:\/\/zonaroja.com.mx\/index.php?rest_route=\/wp\/v2\/posts"}],"about":[{"href":"https:\/\/zonaroja.com.mx\/index.php?rest_route=\/wp\/v2\/types\/post"}],"author":[{"embeddable":true,"href":"https:\/\/zonaroja.com.mx\/index.php?rest_route=\/wp\/v2\/users\/2"}],"replies":[{"embeddable":true,"href":"https:\/\/zonaroja.com.mx\/index.php?rest_route=%2Fwp%2Fv2%2Fcomments&post=2300"}],"version-history":[{"count":1,"href":"https:\/\/zonaroja.com.mx\/index.php?rest_route=\/wp\/v2\/posts\/2300\/revisions"}],"predecessor-version":[{"id":2301,"href":"https:\/\/zonaroja.com.mx\/index.php?rest_route=\/wp\/v2\/posts\/2300\/revisions\/2301"}],"wp:attachment":[{"href":"https:\/\/zonaroja.com.mx\/index.php?rest_route=%2Fwp%2Fv2%2Fmedia&parent=2300"}],"wp:term":[{"taxonomy":"category","embeddable":true,"href":"https:\/\/zonaroja.com.mx\/index.php?rest_route=%2Fwp%2Fv2%2Fcategories&post=2300"},{"taxonomy":"post_tag","embeddable":true,"href":"https:\/\/zonaroja.com.mx\/index.php?rest_route=%2Fwp%2Fv2%2Ftags&post=2300"}],"curies":[{"name":"wp","href":"https:\/\/api.w.org\/{rel}","templated":true}]}}