{"id":23001,"date":"2021-01-30T14:29:36","date_gmt":"2021-01-30T20:29:36","guid":{"rendered":"http:\/\/www.zonaroja.com.mx\/?p=23001"},"modified":"2021-01-30T14:29:40","modified_gmt":"2021-01-30T20:29:40","slug":"el-gobierno-de-oaxaca-ha-prolongado-el-conflicto-en-la-zona-triqui-frida-guerrera","status":"publish","type":"post","link":"https:\/\/zonaroja.com.mx\/?p=23001","title":{"rendered":"El gobierno de Oaxaca ha prolongado el conflicto en la zona triqui: Frida Guerrera"},"content":{"rendered":"\n<p>Evlin Arag\u00f3n\/Zona Roja.<\/p>\n\n\n\n<p>Oaxaca de Ju\u00e1rez, Oax., 30 de enero de 2021.- Tras su visita a la localidad de Yosoyuxi, donde retrat\u00f3 la realidad de viven m\u00e1s de 500 personas desplazadas de Tierra Blanca Copala, Juxtlahuaca, luego de un ataque armado por parte de grupos paramilitares, la periodista y activista Frida Guerrera asegur\u00f3 que el gobierno de Oaxaca ha prolongado el conflicto en la zona triqui.<\/p>\n\n\n\n<p>Lo hizo en la \u201cma\u00f1anera\u201d de este viernes que estuvo presidida por la secretaria de Gobernaci\u00f3n, Olga S\u00e1nchez Cordero, y el subsecretario de Derechos Humanos y Poblaci\u00f3n, Alejandro Encinas Rodr\u00edguez, en donde expuso la mala actuaci\u00f3n por parte del gobierno que encabeza Alejandro Murat Hinojosa.<\/p>\n\n\n\n<p>La periodista relat\u00f3 c\u00f3mo la autoridad estatal minimiz\u00f3 en todo momento las denuncias realizadas por la comunidad, a quienes incluso se\u00f1al\u00f3 de mentirosos, al dar a conocer que hab\u00eda familias desplazadas, una mujer desaparecida, adem\u00e1s de v\u00edctimas mortales, lo cual se comprob\u00f3 \u00fanicamente con el arribo de la Guardia Nacional en la zona.<\/p>\n\n\n\n<p>\u201cA nosotros nadie nos platic\u00f3, acudimos a la zona, a Yosoyuxi. Nos parece grave y delicado que se siga tomando en cuenta al gobierno de Oaxaca, cuando es este quien ha prolongado la impunidad en la regi\u00f3n\u201d, dijo la periodista.<\/p>\n\n\n\n<p>En este sentido, expuso que las m\u00e1s de 50 mujeres pasaron seis d\u00edas sin ingerir alg\u00fan tipo de alimento o bebida, a pesar de que dentro de las v\u00edctimas se encuentran menores de edad y mujeres ancianas, quienes tuvieron que salir corriendo ante los ataques armados.<\/p>\n\n\n\n<figure class=\"wp-block-embed-twitter wp-block-embed is-type-rich is-provider-twitter\"><div class=\"wp-block-embed__wrapper\">\n<div class=\"twitter-tweet\"><blockquote class=\"twitter-tweet\" data-lang=\"es\"><p lang=\"es\" dir=\"ltr\"><a href=\"https:\/\/twitter.com\/hashtag\/OaxacaGris?src=hash&amp;ref_src=twsrc%5Etfw\">#OaxacaGris<\/a><br>De nueva cuenta, la incompetencia del <a href=\"https:\/\/twitter.com\/GobOax?ref_src=twsrc%5Etfw\">@GobOax<\/a> fue exhibida a nivel nacional, en la conferencia \u201cma\u00f1anera\u201d de ayer, en que la activista <a href=\"https:\/\/twitter.com\/Fridaguerrera?ref_src=twsrc%5Etfw\">@Fridaguerrera<\/a> expuso la grave situaci\u00f3n en la zona Triqui de Oaxaca y las omisiones de las autoridades estatales. <a href=\"https:\/\/t.co\/rak1nVGQlD\">pic.twitter.com\/rak1nVGQlD<\/a><\/p>&mdash; Zona Roja Oaxaca (@MexRoja) <a href=\"https:\/\/twitter.com\/MexRoja\/status\/1355578414036561920?ref_src=twsrc%5Etfw\">30 de enero de 2021<\/a><\/blockquote><\/div>\n<\/div><\/figure>\n\n\n\n<p>Durante varios d\u00edas el gobierno neg\u00f3 los hechos, dec\u00eda que era mentira e incluso una provocaci\u00f3n por parte de los l\u00edderes de desplazados Marco Albino y Reina Mart\u00ednez Flores, como lo han hecho en varias ocasiones que han querido criminalizarlos, ubic\u00e1ndose a favor de los grupos paramilitares, que siguen violentando a la poblaci\u00f3n.<\/p>\n\n\n\n<p>Al arribo de la periodista a la zona de la regi\u00f3n Mixteca, las mujeres ya hab\u00edan sido rescatadas por la Guardia Nacional, mientras el gobierno de Oaxaca tuvo que reconocer los hechos y apareci\u00f3 en los medios locales diciendo que atend\u00eda a la poblaci\u00f3n; sin embargo, dicha atenci\u00f3n, como en otras ocasiones se qued\u00f3 corta.<\/p>\n\n\n\n<p>\u201cLes llevan despensas del DIF, insultante, porque no tienen donde cocinar. Les llevan una ambulancia del DIF donde las revisan pero no las hidratan, pese a que estuvieron seis d\u00edas sin ingerir alimento y agua\u201d, relat\u00f3.<\/p>\n\n\n\n<p>Tambi\u00e9n detall\u00f3 que la brigada de salud, que arrib\u00f3 a la zona, contaba \u00fanicamente con una sola m\u00e9dica, quien les proporcion\u00f3 paracetamol, medicamento que adem\u00e1s estaba pr\u00f3ximo a caducar, adem\u00e1s que llegaron a ponerle cubrebocas a todos y compartirles, en espa\u00f1ol, una campa\u00f1a sobre el Covid.<\/p>\n\n\n\n<p>Sin embargo, nunca hubo contenci\u00f3n psicol\u00f3gica, pese a que las mujeres refer\u00edan sentirse muy tristes por haber tenido que dejar sus hogares debido a la violencia y no saber ahora que hacer, a donde ir y como recuperar su patrimonio que con tanto esfuerzo adquirieron.<\/p>\n\n\n\n<p>Para la periodista, los intentos de paz de 1994 y 2012 no han funcionado y por el contrario han prolongado la impunidad en la zon.<\/p>\n\n\n\n<p>De ah\u00ed que solicit\u00f3 que no participe el gobierno de Oaxaca en las pr\u00f3ximas mesas de di\u00e1logo y la intervenci\u00f3n de Fiscal\u00eda General de la Rep\u00fablica, ya que a nivel local la procuraci\u00f3n de justicia no ha funcionado, prueba de ello es que no se observan las carpetas de investigaci\u00f3n en contra de los se\u00f1alados como responsables de la violencia.<\/p>\n\n\n\n<p>Al respecto, el subsecretario de Derecho Humanos y Poblaci\u00f3n, Alejandro Encinas Rodr\u00edguez, se comprometi\u00f3 a visitar la zona de conflicto la pr\u00f3xima semana y actuar en consecuencia, a la par que reconoci\u00f3 que los desplazamientos de personas en M\u00e9xico son en su mayor\u00eda con conflictos armados.<\/p>\n\n\n\n<p>\u201cNo vamos a caer en la simulaci\u00f3n tradicional y en esta mesa tendr\u00e1n que participar todos los actores, incluido el gobierno del estado, es su responsabilidad, y tendr\u00e1 que participar la autoridad de varios municipios, porque tambi\u00e9n hay responsabilidad por parte de ellas\u201d, refiri\u00f3 el funcionario.<\/p>\n","protected":false},"excerpt":{"rendered":"<p>Evlin Arag\u00f3n\/Zona Roja. Oaxaca de Ju\u00e1rez, Oax., 30 de enero de 2021.- Tras su visita&hellip;<\/p>\n","protected":false},"author":2,"featured_media":23002,"comment_status":"closed","ping_status":"open","sticky":false,"template":"","format":"standard","meta":{"_lmt_disableupdate":"","_lmt_disable":"","_jetpack_memberships_contains_paid_content":false,"footnotes":""},"categories":[109,47],"tags":[1712],"class_list":["post-23001","post","type-post","status-publish","format-standard","has-post-thumbnail","hentry","category-minuto-a-minuto","category-zona-gris","tag-tierra-blanca-copala"],"jetpack_featured_media_url":"https:\/\/zonaroja.com.mx\/wp-content\/uploads\/2021\/01\/Frida-Guerrera-mananera.jpg","jetpack_sharing_enabled":true,"_links":{"self":[{"href":"https:\/\/zonaroja.com.mx\/index.php?rest_route=\/wp\/v2\/posts\/23001","targetHints":{"allow":["GET"]}}],"collection":[{"href":"https:\/\/zonaroja.com.mx\/index.php?rest_route=\/wp\/v2\/posts"}],"about":[{"href":"https:\/\/zonaroja.com.mx\/index.php?rest_route=\/wp\/v2\/types\/post"}],"author":[{"embeddable":true,"href":"https:\/\/zonaroja.com.mx\/index.php?rest_route=\/wp\/v2\/users\/2"}],"replies":[{"embeddable":true,"href":"https:\/\/zonaroja.com.mx\/index.php?rest_route=%2Fwp%2Fv2%2Fcomments&post=23001"}],"version-history":[{"count":1,"href":"https:\/\/zonaroja.com.mx\/index.php?rest_route=\/wp\/v2\/posts\/23001\/revisions"}],"predecessor-version":[{"id":23003,"href":"https:\/\/zonaroja.com.mx\/index.php?rest_route=\/wp\/v2\/posts\/23001\/revisions\/23003"}],"wp:featuredmedia":[{"embeddable":true,"href":"https:\/\/zonaroja.com.mx\/index.php?rest_route=\/wp\/v2\/media\/23002"}],"wp:attachment":[{"href":"https:\/\/zonaroja.com.mx\/index.php?rest_route=%2Fwp%2Fv2%2Fmedia&parent=23001"}],"wp:term":[{"taxonomy":"category","embeddable":true,"href":"https:\/\/zonaroja.com.mx\/index.php?rest_route=%2Fwp%2Fv2%2Fcategories&post=23001"},{"taxonomy":"post_tag","embeddable":true,"href":"https:\/\/zonaroja.com.mx\/index.php?rest_route=%2Fwp%2Fv2%2Ftags&post=23001"}],"curies":[{"name":"wp","href":"https:\/\/api.w.org\/{rel}","templated":true}]}}