{"id":23005,"date":"2021-01-30T16:06:17","date_gmt":"2021-01-30T22:06:17","guid":{"rendered":"http:\/\/www.zonaroja.com.mx\/?p=23005"},"modified":"2021-01-30T16:06:23","modified_gmt":"2021-01-30T22:06:23","slug":"mas-de-900-organizaciones-condenan-y-exigen-justicia-por-asesinato-de-defensor-oaxaqueno","status":"publish","type":"post","link":"https:\/\/zonaroja.com.mx\/?p=23005","title":{"rendered":"M\u00e1s de 900 organizaciones condenan y exigen justicia por asesinato de defensor oaxaque\u00f1o"},"content":{"rendered":"\n<p>Yuridiana Sosa\/Zona Roja.<\/p>\n\n\n\n<p>Oaxaca de Ju\u00e1rez, Oax., 30 de enero de 2021.-Por medio la campa\u00f1a de colecta de firmas \u201cAcci\u00f3n urgente\u201d, m\u00e1s de 940 organizaciones civiles, sociales, defensores y ciudadanos se han sumado a la exigencia de justicia por el asesinato del ambientalista Fidel Heras Cruz.<\/p>\n\n\n\n<p>Los defensores buscan que el crimen cometido el pasado 23 de enero contra quien se desempe\u00f1aba como Comisariado de Bienes Ejidales del Ejido de Paso de la Reyna, en Santiago Jamiltepec, regi\u00f3n Costa, no se quede en la lista de la impunidad de homicidios en Oaxaca.<\/p>\n\n\n\n<p>A trav\u00e9s de esta campa\u00f1a, dirigida al presidente de M\u00e9xico, Andr\u00e9s Manuel L\u00f3pez Obrador, exigen a las autoridades estatal y federal una extensa e inmediata investigaci\u00f3n para dar con los responsables del asesinato.<\/p>\n\n\n\n<p>Pero tambi\u00e9n, la demanda es para que se establezcan medidas que garanticen la integridad f\u00edsica y emocional de la familia Heras, autoridades, ciudadanos de Paso de la Reyna, e integrantes del Consejo de Pueblos Unidos por la Defensa del R\u00edo Verde (Copudever), del que era miembro activo Heras Cruz.<\/p>\n\n\n\n<p>El asesinato se registr\u00f3 en medio de un contexto de defensa contra la extracci\u00f3n de materiales p\u00e9treos en la comunidad, acci\u00f3n que advirtieron las organizaciones cada vez es m\u00e1s com\u00fan con el respaldo de autoridades municipales.<\/p>\n\n\n\n<p>\u201c\u00a1Nos solidarizamos con la comunidad de Paso de la Reina, compa\u00f1eras, compa\u00f1eros su lucha tambi\u00e9n es nuestra!\u201d, \u201c\u00a1R\u00edos para la Vida, No para la Muerte!\u201d, consignaron.<\/p>\n\n\n\n<p>El documento tambi\u00e9n est\u00e1 dirigido a la titular de la Secretar\u00eda de Gobernaci\u00f3n, Olga S\u00e1nchez Cordero; Alejandro Encinas, subsecretario de Asuntos Jur\u00eddicos y Derechos Humanos de la Segob, y a los responsables de la Unidad para la Defensa de los Derechos Humanos del Gobierno Federal, Comisi\u00f3n Nacional de Derechos Humanos, Instituto Nacional de los Pueblos Ind\u00edgenas.<\/p>\n\n\n\n<p>En el \u00e1mbito estatal, para el gobernador de Oaxaca, Alejandro Murat; secretario General de Gobierno de Oaxaca, Francisco Javier Garc\u00eda L\u00f3pez; fiscal General de Oaxaca, Rub\u00e9n Vasconcelos M\u00e9ndez, y Bernardo Rodr\u00edguez Alamilla, defensor de los Derechos Humanos del Pueblo de Oaxaca, entre otras autoridades de ambos niveles.<\/p>\n\n\n\n<p>Aqu\u00ed se puede sumar a la petici\u00f3n:<\/p>\n\n\n\n<figure class=\"wp-block-embed-wordpress wp-block-embed is-type-wp-embed is-provider-plataforma-denuncia-oaxaca\"><div class=\"wp-block-embed__wrapper\">\n<blockquote class=\"wp-embedded-content\" data-secret=\"zLG864KxOH\"><a href=\"https:\/\/denunciaoaxaca.org\/firma-la-accion-urgente-condenamos-el-crimen-del-defensor-comunitario-fidel-heras-cruz\/\">Firma la Acci\u00f3n Urgente: Condenamos el crimen del defensor comunitario Fidel Heras Cruz<\/a><\/blockquote><iframe class=\"wp-embedded-content\" sandbox=\"allow-scripts\" security=\"restricted\" style=\"position: absolute; clip: rect(1px, 1px, 1px, 1px);\" title=\"\u00abFirma la Acci\u00f3n Urgente: Condenamos el crimen del defensor comunitario Fidel Heras Cruz\u00bb \u2014 Plataforma Denuncia Oaxaca\" src=\"https:\/\/denunciaoaxaca.org\/firma-la-accion-urgente-condenamos-el-crimen-del-defensor-comunitario-fidel-heras-cruz\/embed\/#?secret=zLG864KxOH\" data-secret=\"zLG864KxOH\" width=\"600\" height=\"338\" frameborder=\"0\" marginwidth=\"0\" marginheight=\"0\" scrolling=\"no\"><\/iframe>\n<\/div><\/figure>\n","protected":false},"excerpt":{"rendered":"<p>Yuridiana Sosa\/Zona Roja. Oaxaca de Ju\u00e1rez, Oax., 30 de enero de 2021.-Por medio la campa\u00f1a&hellip;<\/p>\n","protected":false},"author":2,"featured_media":23006,"comment_status":"closed","ping_status":"open","sticky":false,"template":"","format":"standard","meta":{"_lmt_disableupdate":"","_lmt_disable":"","_jetpack_memberships_contains_paid_content":false,"footnotes":""},"categories":[109,47],"tags":[2398],"class_list":["post-23005","post","type-post","status-publish","format-standard","has-post-thumbnail","hentry","category-minuto-a-minuto","category-zona-gris","tag-fidel-heras-cruz"],"jetpack_featured_media_url":"https:\/\/zonaroja.com.mx\/wp-content\/uploads\/2021\/01\/Fidel-Heras.jpg","jetpack_sharing_enabled":true,"_links":{"self":[{"href":"https:\/\/zonaroja.com.mx\/index.php?rest_route=\/wp\/v2\/posts\/23005","targetHints":{"allow":["GET"]}}],"collection":[{"href":"https:\/\/zonaroja.com.mx\/index.php?rest_route=\/wp\/v2\/posts"}],"about":[{"href":"https:\/\/zonaroja.com.mx\/index.php?rest_route=\/wp\/v2\/types\/post"}],"author":[{"embeddable":true,"href":"https:\/\/zonaroja.com.mx\/index.php?rest_route=\/wp\/v2\/users\/2"}],"replies":[{"embeddable":true,"href":"https:\/\/zonaroja.com.mx\/index.php?rest_route=%2Fwp%2Fv2%2Fcomments&post=23005"}],"version-history":[{"count":1,"href":"https:\/\/zonaroja.com.mx\/index.php?rest_route=\/wp\/v2\/posts\/23005\/revisions"}],"predecessor-version":[{"id":23007,"href":"https:\/\/zonaroja.com.mx\/index.php?rest_route=\/wp\/v2\/posts\/23005\/revisions\/23007"}],"wp:featuredmedia":[{"embeddable":true,"href":"https:\/\/zonaroja.com.mx\/index.php?rest_route=\/wp\/v2\/media\/23006"}],"wp:attachment":[{"href":"https:\/\/zonaroja.com.mx\/index.php?rest_route=%2Fwp%2Fv2%2Fmedia&parent=23005"}],"wp:term":[{"taxonomy":"category","embeddable":true,"href":"https:\/\/zonaroja.com.mx\/index.php?rest_route=%2Fwp%2Fv2%2Fcategories&post=23005"},{"taxonomy":"post_tag","embeddable":true,"href":"https:\/\/zonaroja.com.mx\/index.php?rest_route=%2Fwp%2Fv2%2Ftags&post=23005"}],"curies":[{"name":"wp","href":"https:\/\/api.w.org\/{rel}","templated":true}]}}