{"id":23011,"date":"2021-01-30T19:43:35","date_gmt":"2021-01-31T01:43:35","guid":{"rendered":"http:\/\/www.zonaroja.com.mx\/?p=23011"},"modified":"2021-01-30T19:43:39","modified_gmt":"2021-01-31T01:43:39","slug":"saxofonista-clama-justicia-ante-la-inaccion-e-incompetencia-de-la-fiscalia","status":"publish","type":"post","link":"https:\/\/zonaroja.com.mx\/?p=23011","title":{"rendered":"Saxofonista clama justicia ante la \u00abinacci\u00f3n e incompetencia\u00bb de la Fiscal\u00eda"},"content":{"rendered":"\n<p>Oaxaca de Ju\u00e1rez, Oax., 29 de enero de 2021. (Agencia Proceso).- A un a\u00f1o y cuatro meses de que la saxofonista Mar\u00eda Elena R\u00edos fue atacada con \u00e1cido, por \u00f3rdenes del empresario prisita Juan Antonio Vera Carrizal, la artista mixteca sigue con miedo y clamando justicia ante la \u201cinacci\u00f3n e incompetencia\u201d de la Fiscal\u00eda General de Oaxaca.<\/p>\n\n\n\n<p>Y es que, a pesar de la detenci\u00f3n de cuatro personas acusadas de feminicidio en grado de tentativa, entre ellas el autor intelectual Vera Carrizal, ninguno ha sido sentenciado, mientras que el hijo del empresario sigue pr\u00f3fugo.<\/p>\n\n\n\n<p>Pero, adem\u00e1s, ahora pretenden reclasificar el delito, y el fiscal Rub\u00e9n Vasconcelos M\u00e9ndez ya no le contesta las llamadas a la v\u00edctima.<\/p>\n\n\n\n<p>Es por ello que \u201chago la invitaci\u00f3n al Congreso local de Oaxaca, a los senadores, a que inviten al fiscal general de Oaxaca a comparecer. Nos debe muchas explicaciones y me atrevo a decir nos debe porque ha sido un caso emblem\u00e1tico, muy duro, complejo, triste y doloroso, pero sobre todo emblem\u00e1tico, porque muchas mujeres se han visto reflejadas\u201d.<\/p>\n\n\n\n<p>En entrevista con Aristegui en Vivo, la saxofonista tambi\u00e9n extern\u00f3 su miedo: \u201cNo ha habido una b\u00fasqueda adecuada, como fue el compromiso. Y la verdad es una burla que mi familia y yo sigamos viviendo con miedo mientras esta persona, que tiene una orden de aprehensi\u00f3n, ande como si nada\u201d.<\/p>\n\n\n\n<p>Por esa raz\u00f3n decidi\u00f3 recurrir a los medios, para evidenciar las omisiones de la fiscal\u00eda, en espera de que \u201cse pongan a hacer su trabajo\u201d.<\/p>\n\n\n\n<p>Mencion\u00f3 que el fiscal ya no le toma las llamadas y que si bien se logr\u00f3 la reapertura del caso para que fuera analizado con perspectiva de g\u00e9nero, \u201cno se ha hecho absolutamente nada\u201d y el plazo para la acci\u00f3n est\u00e1 pr\u00f3ximo a vencer.<\/p>\n\n\n\n<p>Esto, subray\u00f3, deja en evidencia la \u201cfalta de empat\u00eda\u201d o que existe un acuerdo. \u201cCreo que no soy la \u00fanica que lo piensa, lo percibe la sociedad en general, que tiene una postura muy similar\u201d.<\/p>\n\n\n\n<p>La saxofonista Mar\u00eda Elena R\u00edos fue atacada con \u00e1cido el 9 de septiembre de 2019, situaci\u00f3n que le caus\u00f3 da\u00f1os irreversibles en gran parte de su cuerpo.<\/p>\n\n\n\n<p>Ante la presi\u00f3n nacional e internacional, el gobierno de Alejandro Murat detuvo a tres implicados en el ataque: Ponciano H. Y. (23 de diciembre de 2019) y su hijo Ruvicel H. R. (el 25 de diciembre de 2019), as\u00ed como Rub\u00e9n L. C. (1 de abril 2020).<\/p>\n\n\n\n<p>La presi\u00f3n no ces\u00f3, hasta que el 6 de abril de 2020 Juan Antonio Vera Carrizal se entreg\u00f3 de manera voluntaria en las instalaciones del Centro de Comando, Control y Comunicaci\u00f3n (C4) de la Secretar\u00eda de Seguridad P\u00fablica (SSP) del estado.<\/p>\n\n\n\n<p>Tras su aprehensi\u00f3n &#8211;proveniente de la causa penal 553\/2019 emitida por el juez de Control de Huajuapan de Le\u00f3n&#8211;, el imputado fue llevado a audiencia ante la autoridad judicial correspondiente con sede en esa ciudad de la mixteca oaxaque\u00f1a.<\/p>\n\n\n\n<p>Sigue pr\u00f3fugo de la justicia el hijo del legislador, identificado como \u201cEl Gordo\u201d.<\/p>\n\n\n\n<p>Vera Carrizal es acusado de ordenar a Rub\u00e9n que contratara a otra persona, en este caso a Ruvicel, para vaciarle \u00e1cido sulf\u00farico a Mar\u00eda Elena y causarle la muerte, a cambio de 30 mil pesos.<\/p>\n\n\n\n<p>El caso trasciende a su persona y a su familia y se trata de un caso de todos, dijo R\u00edos, por lo que demando al fiscal que no se reserve la informaci\u00f3n. \u201cSobre todo, que acepte y reconozca la inacci\u00f3n, la incompetencia que ha tenido respecto a mi asunto y que, a pesar de que p\u00fablicamente se comprometi\u00f3 en repetidas ocasiones, ese compromiso deja mucho que desear\u201d, manifest\u00f3 en la entrevista con Carmen Aristegui.<\/p>\n\n\n\n<p>Se dijo \u201cmuy desconcertada\u201d y \u201ctriste\u201d por las mujeres oaxaque\u00f1as que han sido v\u00edctimas de violencia y que se encuentran con una autoridad que, lejos de cobijarlas, resulta omisa. \u201cSi (esto ha sucedido) en mi caso, que es demasiado emblem\u00e1tico y conocido, no solamente en Oaxaca sino en la Rep\u00fablica y en otros pa\u00edses, \u00bfqu\u00e9 se pueden esperar mujeres cuyo caso desafortunadamente no ha trascendido?\u201d.<\/p>\n\n\n\n<p>Finalmente coment\u00f3 que en su caso hay evidencia suficiente para responsabilizar al priista Juan Vera Carrizal como presunto autor intelectual de la agresi\u00f3n y a las otras personas se\u00f1aladas.<\/p>\n\n\n\n<p>\u201cActualmente est\u00e1 en prisi\u00f3n preventiva. Intentaron tumbar el asunto aminor\u00e1ndolo nuevamente por lesiones, que es una enorme falta de respeto no solamente a m\u00ed sino a todas las personas, a toda la sociedad. Lamentablemente persiste, por parte de su defensa, (la idea de) que nosotras somos personas muy vulnerables y que pueden arrebatarnos de un momento a otro la poca justicia que se ha logrado mediante la corrupci\u00f3n\u201d.<\/p>\n\n\n\n<p>Consider\u00f3 que su caso ha sido \u201cmuy corrompido\u201d, porque si bien algunos presuntos responsables est\u00e1n en prisi\u00f3n preventiva, la \u00faltima orden de aprehensi\u00f3n emitida no se ha ejecutado \u201cporque no se ha querido, es evidente\u201d. En ese sentido, coment\u00f3 que se ha tratado de comunicar con el fiscal Vasconcelos para preguntarle por qu\u00e9 en Huajuapan de Le\u00f3n se ha visto en innumerables ocasiones a su agresor material. \u201cNo ha habido una b\u00fasqueda adecuada, como fue el compromiso\u201d<\/p>\n\n\n\n<p>(Informaci\u00f3n de la agencia Proceso)<\/p>\n","protected":false},"excerpt":{"rendered":"<p>Oaxaca de Ju\u00e1rez, Oax., 29 de enero de 2021. (Agencia Proceso).- A un a\u00f1o y&hellip;<\/p>\n","protected":false},"author":2,"featured_media":6686,"comment_status":"closed","ping_status":"open","sticky":false,"template":"","format":"standard","meta":{"_lmt_disableupdate":"","_lmt_disable":"","_jetpack_memberships_contains_paid_content":false,"footnotes":""},"categories":[109,47],"tags":[1124],"class_list":["post-23011","post","type-post","status-publish","format-standard","has-post-thumbnail","hentry","category-minuto-a-minuto","category-zona-gris","tag-maria-elena-rios-ortiz"],"jetpack_featured_media_url":"https:\/\/zonaroja.com.mx\/wp-content\/uploads\/2019\/12\/Vera-Carrizal-y-Mar\u00eda-Elena.jpg","jetpack_sharing_enabled":true,"_links":{"self":[{"href":"https:\/\/zonaroja.com.mx\/index.php?rest_route=\/wp\/v2\/posts\/23011","targetHints":{"allow":["GET"]}}],"collection":[{"href":"https:\/\/zonaroja.com.mx\/index.php?rest_route=\/wp\/v2\/posts"}],"about":[{"href":"https:\/\/zonaroja.com.mx\/index.php?rest_route=\/wp\/v2\/types\/post"}],"author":[{"embeddable":true,"href":"https:\/\/zonaroja.com.mx\/index.php?rest_route=\/wp\/v2\/users\/2"}],"replies":[{"embeddable":true,"href":"https:\/\/zonaroja.com.mx\/index.php?rest_route=%2Fwp%2Fv2%2Fcomments&post=23011"}],"version-history":[{"count":1,"href":"https:\/\/zonaroja.com.mx\/index.php?rest_route=\/wp\/v2\/posts\/23011\/revisions"}],"predecessor-version":[{"id":23012,"href":"https:\/\/zonaroja.com.mx\/index.php?rest_route=\/wp\/v2\/posts\/23011\/revisions\/23012"}],"wp:featuredmedia":[{"embeddable":true,"href":"https:\/\/zonaroja.com.mx\/index.php?rest_route=\/wp\/v2\/media\/6686"}],"wp:attachment":[{"href":"https:\/\/zonaroja.com.mx\/index.php?rest_route=%2Fwp%2Fv2%2Fmedia&parent=23011"}],"wp:term":[{"taxonomy":"category","embeddable":true,"href":"https:\/\/zonaroja.com.mx\/index.php?rest_route=%2Fwp%2Fv2%2Fcategories&post=23011"},{"taxonomy":"post_tag","embeddable":true,"href":"https:\/\/zonaroja.com.mx\/index.php?rest_route=%2Fwp%2Fv2%2Ftags&post=23011"}],"curies":[{"name":"wp","href":"https:\/\/api.w.org\/{rel}","templated":true}]}}