{"id":23015,"date":"2021-01-31T08:00:27","date_gmt":"2021-01-31T14:00:27","guid":{"rendered":"http:\/\/www.zonaroja.com.mx\/?p=23015"},"modified":"2021-01-31T07:21:11","modified_gmt":"2021-01-31T13:21:11","slug":"la-mixteca-con-otra-victima-de-desaparecida-en-una-semana","status":"publish","type":"post","link":"https:\/\/zonaroja.com.mx\/?p=23015","title":{"rendered":"Desaparece otra mujer en la Mixteca en una semana; en el Istmo, una m\u00e1s"},"content":{"rendered":"\n<p>Yuridiana Sosa\/Zona Roja.<\/p>\n\n\n\n<p>Oaxaca de Ju\u00e1rez, Oax., 31 de enero de 2021.- La regi\u00f3n de la Mixteca se ha convertido en una de las zonas del estado de Oaxaca donde en los \u00faltimos meses se ha registrado de forma m\u00e1s frecuente la desaparici\u00f3n de ni\u00f1as, adolescentes y mujeres adultas.<\/p>\n\n\n\n<p>El caso m\u00e1s reciente, reportado por la Unidad de B\u00fasqueda de Personas Desaparecidas y No Localizadas de la Fiscal\u00eda General del Estado, es para ubicar a Nohem\u00ed Lucero Lara Soto, de 30 a\u00f1os.<\/p>\n\n\n\n<p>La mujer fue vista por \u00faltima vez desde el pasado 24 de enero en la colonia Ricardo Flores Mag\u00f3n, del municipio de Heroica Ciudad de Tlaxiaco.<\/p>\n\n\n\n<p>Como caracter\u00edstica particular tiene un lunar cerca del ojo derecho, un tatuaje con las letras JL en la parte alta del brazo izquierdo y otro en la espalda con la imagen de una mu\u00f1eca.<\/p>\n\n\n\n<p>En el transcurso de la semana pasada, de 10 mujeres que se han reportado como localizadas, dos pertenecen a la regi\u00f3n de la Mixteca; uno de los casos pendientes por resolver es para localizar a Zayra Leticia Morales Loyola, desaparecida desde el 23 de noviembre.<\/p>\n\n\n\n<p>Por otra parte, en la regi\u00f3n del Istmo de Tehuantepec, de acuerdo con la ficha difundida ayer por la Unidad, desapareci\u00f3 la joven Alexandra Garc\u00eda Cruz, de 20 a\u00f1os de edad; fue vista por \u00faltima vez a la entrada de la poblaci\u00f3n La Mata, de Asunci\u00f3n Ixtaltepec.<\/p>\n\n\n\n<p>De se\u00f1as particulares, usa brackets y tiene un tatuaje en el homoplato izquierdo en forma de corazones.<\/p>\n\n\n\n<p>En tanto, durante las \u00faltimas horas, la Fiscal\u00eda de Oaxaca por medio de la DNOL report\u00f3 otro caso a\u00f1ejo de desaparici\u00f3n.<\/p>\n\n\n\n<p>La ficha de b\u00fasqueda es para localizar a Aldo Gonz\u00e1lez Aguirre de 22 a\u00f1os, visto por \u00faltima vez desde el pasado 8 de agosto de 2013, es decir, de hace m\u00e1s de siete a\u00f1os, en la ciudad de Oaxaca de Ju\u00e1rez.<\/p>\n","protected":false},"excerpt":{"rendered":"<p>Yuridiana Sosa\/Zona Roja. Oaxaca de Ju\u00e1rez, Oax., 31 de enero de 2021.- La regi\u00f3n de&hellip;<\/p>\n","protected":false},"author":2,"featured_media":23018,"comment_status":"closed","ping_status":"open","sticky":false,"template":"","format":"standard","meta":{"_lmt_disableupdate":"","_lmt_disable":"","_jetpack_memberships_contains_paid_content":false,"footnotes":""},"categories":[109,47],"tags":[642],"class_list":["post-23015","post","type-post","status-publish","format-standard","has-post-thumbnail","hentry","category-minuto-a-minuto","category-zona-gris","tag-personas-desaparecidas-oaxaca"],"jetpack_featured_media_url":"https:\/\/zonaroja.com.mx\/wp-content\/uploads\/2021\/01\/Desapariciones-Oaxaca.jpg","jetpack_sharing_enabled":true,"_links":{"self":[{"href":"https:\/\/zonaroja.com.mx\/index.php?rest_route=\/wp\/v2\/posts\/23015","targetHints":{"allow":["GET"]}}],"collection":[{"href":"https:\/\/zonaroja.com.mx\/index.php?rest_route=\/wp\/v2\/posts"}],"about":[{"href":"https:\/\/zonaroja.com.mx\/index.php?rest_route=\/wp\/v2\/types\/post"}],"author":[{"embeddable":true,"href":"https:\/\/zonaroja.com.mx\/index.php?rest_route=\/wp\/v2\/users\/2"}],"replies":[{"embeddable":true,"href":"https:\/\/zonaroja.com.mx\/index.php?rest_route=%2Fwp%2Fv2%2Fcomments&post=23015"}],"version-history":[{"count":2,"href":"https:\/\/zonaroja.com.mx\/index.php?rest_route=\/wp\/v2\/posts\/23015\/revisions"}],"predecessor-version":[{"id":23019,"href":"https:\/\/zonaroja.com.mx\/index.php?rest_route=\/wp\/v2\/posts\/23015\/revisions\/23019"}],"wp:featuredmedia":[{"embeddable":true,"href":"https:\/\/zonaroja.com.mx\/index.php?rest_route=\/wp\/v2\/media\/23018"}],"wp:attachment":[{"href":"https:\/\/zonaroja.com.mx\/index.php?rest_route=%2Fwp%2Fv2%2Fmedia&parent=23015"}],"wp:term":[{"taxonomy":"category","embeddable":true,"href":"https:\/\/zonaroja.com.mx\/index.php?rest_route=%2Fwp%2Fv2%2Fcategories&post=23015"},{"taxonomy":"post_tag","embeddable":true,"href":"https:\/\/zonaroja.com.mx\/index.php?rest_route=%2Fwp%2Fv2%2Ftags&post=23015"}],"curies":[{"name":"wp","href":"https:\/\/api.w.org\/{rel}","templated":true}]}}