{"id":2302,"date":"2019-07-16T15:21:40","date_gmt":"2019-07-16T20:21:40","guid":{"rendered":"http:\/\/www.zonaroja.com.mx\/?p=2302"},"modified":"2019-07-16T15:35:04","modified_gmt":"2019-07-16T20:35:04","slug":"con-guardia-nacional-y-rechazo-a-fiscalia-de-oaxaca-rescatan-a-retenidos","status":"publish","type":"post","link":"https:\/\/zonaroja.com.mx\/?p=2302","title":{"rendered":"Con Guardia Nacional y rechazo a Fiscal\u00eda de Oaxaca, rescatan a retenidos"},"content":{"rendered":"\n<p>Redacci\u00f3n<\/p>\n\n\n\n<p>Oaxaca de Ju\u00e1rez, Oax., 16 de julio de 2019.- Diez d\u00edas\ndespu\u00e9s, con el apoyo de la Guardia Nacional y rechazo a la Fiscal\u00eda General\ndel Estado de Oaxaca, autoridades y habitantes de San Dionisio Ocotepec\nentregaron a las 16 personas retenidas, localizadas con armas de grueso calibre\nen un predio del empresario matateco Edy Monterrosa.<\/p>\n\n\n\n<p>La determinaci\u00f3n la tom\u00f3 la asamblea comunitaria la tarde de\neste martes, al recriminar la nula intervenci\u00f3n del Gobierno del Estado y del fiscal\nRub\u00e9n Vasconcelos M\u00e9ndez, seg\u00fan se\u00f1alaron durante la reuni\u00f3n.<\/p>\n\n\n\n<p>\u201cEs una muestra de buena voluntad la entrega para, que lleguemos a la firma de un acuerdo de paz\u201d, informaron fuentes de la comunidad, tras insistir en la presencia del empresario originario de Matatl\u00e1n, quien ocupaba un predio propiedad de San Dionisio.<\/p>\n\n\n\n<figure class=\"wp-block-embed-twitter wp-block-embed is-type-rich is-provider-twitter\"><div class=\"wp-block-embed__wrapper\">\n<div class=\"twitter-tweet\"><blockquote class=\"twitter-tweet\" data-lang=\"es\"><p lang=\"es\" dir=\"ltr\">Este es el momento en que se firma en San Dionisio Ocotepec la entrega de las personas retenidas a la Guardia Nacional y a la <a href=\"https:\/\/twitter.com\/FGRMexico?ref_src=twsrc%5Etfw\">@FGRMexico<\/a> <a href=\"https:\/\/twitter.com\/FGR_Oax?ref_src=twsrc%5Etfw\">@FGR_Oax<\/a>, despu\u00e9s de 10 d\u00edas; es muestra de buena voluntad, asegura la comunidad. <a href=\"https:\/\/twitter.com\/julioastillero?ref_src=twsrc%5Etfw\">@julioastillero<\/a> <a href=\"https:\/\/twitter.com\/NTelevisa_com?ref_src=twsrc%5Etfw\">@NTelevisa_com<\/a> <a href=\"https:\/\/twitter.com\/ElUniversalOax?ref_src=twsrc%5Etfw\">@ElUniversalOax<\/a> <a href=\"https:\/\/twitter.com\/Reforma?ref_src=twsrc%5Etfw\">@Reforma<\/a> <a href=\"https:\/\/t.co\/qxqE8Dmru2\">pic.twitter.com\/qxqE8Dmru2<\/a><\/p>&mdash; Zona Roja Oaxaca (@MexRoja) <a href=\"https:\/\/twitter.com\/MexRoja\/status\/1151223223494725634?ref_src=twsrc%5Etfw\">16 de julio de 2019<\/a><\/blockquote><\/div>\n<\/div><\/figure>\n\n\n\n<p>La determinaci\u00f3n se dio tambi\u00e9n al llegar personal de la Fiscal\u00eda General de la Rep\u00fablica, en quien dijeron s\u00ed conf\u00edan en su labor. Estuvieron presentes por parte de la Guardia Nacional, el inspector general Diego Antonio Ch\u00e1vez Alcaraz, y de la Fiscal\u00eda General de la Rep\u00fablica, Arturo Villanueva<\/p>\n\n\n\n<p>Asimismo, destacaron la presencia y el apoyo de la Defensor\u00eda de los Derechos Humanos del Pueblo de Oaxaca (DDHPO), con la asistencia del ombudsman Bernadro Rodr\u00edguez Alamilla, que otorg\u00f3 medidas cautelares para los habitantes. <\/p>\n\n\n\n<p>M\u00e1s tarde, San Dionisio emitir\u00e1 un documento para precisar\nm\u00e1s detalles y su posicionamiento de rechazo a las autoridades estatales.<\/p>\n","protected":false},"excerpt":{"rendered":"<p>Redacci\u00f3n Oaxaca de Ju\u00e1rez, Oax., 16 de julio de 2019.- Diez d\u00edas despu\u00e9s, con el&hellip;<\/p>\n","protected":false},"author":2,"featured_media":2303,"comment_status":"closed","ping_status":"open","sticky":false,"template":"","format":"standard","meta":{"_lmt_disableupdate":"","_lmt_disable":"","_jetpack_memberships_contains_paid_content":false,"footnotes":""},"categories":[109,47],"tags":[278,322],"class_list":["post-2302","post","type-post","status-publish","format-standard","has-post-thumbnail","hentry","category-minuto-a-minuto","category-zona-gris","tag-guardia-nacional","tag-retenidos-san-dionisio-ocotepec"],"jetpack_featured_media_url":"https:\/\/zonaroja.com.mx\/wp-content\/uploads\/2019\/07\/Entrega-de-retenidos-San-Dionisio-Ocotepec.jpg","jetpack_sharing_enabled":true,"_links":{"self":[{"href":"https:\/\/zonaroja.com.mx\/index.php?rest_route=\/wp\/v2\/posts\/2302","targetHints":{"allow":["GET"]}}],"collection":[{"href":"https:\/\/zonaroja.com.mx\/index.php?rest_route=\/wp\/v2\/posts"}],"about":[{"href":"https:\/\/zonaroja.com.mx\/index.php?rest_route=\/wp\/v2\/types\/post"}],"author":[{"embeddable":true,"href":"https:\/\/zonaroja.com.mx\/index.php?rest_route=\/wp\/v2\/users\/2"}],"replies":[{"embeddable":true,"href":"https:\/\/zonaroja.com.mx\/index.php?rest_route=%2Fwp%2Fv2%2Fcomments&post=2302"}],"version-history":[{"count":1,"href":"https:\/\/zonaroja.com.mx\/index.php?rest_route=\/wp\/v2\/posts\/2302\/revisions"}],"predecessor-version":[{"id":2304,"href":"https:\/\/zonaroja.com.mx\/index.php?rest_route=\/wp\/v2\/posts\/2302\/revisions\/2304"}],"wp:featuredmedia":[{"embeddable":true,"href":"https:\/\/zonaroja.com.mx\/index.php?rest_route=\/wp\/v2\/media\/2303"}],"wp:attachment":[{"href":"https:\/\/zonaroja.com.mx\/index.php?rest_route=%2Fwp%2Fv2%2Fmedia&parent=2302"}],"wp:term":[{"taxonomy":"category","embeddable":true,"href":"https:\/\/zonaroja.com.mx\/index.php?rest_route=%2Fwp%2Fv2%2Fcategories&post=2302"},{"taxonomy":"post_tag","embeddable":true,"href":"https:\/\/zonaroja.com.mx\/index.php?rest_route=%2Fwp%2Fv2%2Ftags&post=2302"}],"curies":[{"name":"wp","href":"https:\/\/api.w.org\/{rel}","templated":true}]}}