{"id":23020,"date":"2021-01-31T07:29:15","date_gmt":"2021-01-31T13:29:15","guid":{"rendered":"http:\/\/www.zonaroja.com.mx\/?p=23020"},"modified":"2021-01-31T07:29:18","modified_gmt":"2021-01-31T13:29:18","slug":"se-aisla-la-union-europea-y-cierra-llegada-de-vuelos-internacionales","status":"publish","type":"post","link":"https:\/\/zonaroja.com.mx\/?p=23020","title":{"rendered":"Se a\u00edsla la Uni\u00f3n Europea y cierra llegada de vuelos internacionales"},"content":{"rendered":"\n<p>Redacci\u00f3n\/Zona Roja Cdmx.<\/p>\n\n\n\n<p>Ciudad de M\u00e9xico, 31 de enero de 2021.- Francia, Alemania, Espa\u00f1a, Portugal, adem\u00e1s de Canad\u00e1 y Cuba, aumentaron sus restricciones a partir de este fin de semana para protegerse de las nuevas variantes del coronavirus a la espera de que la vacunaci\u00f3n gane velocidad.<\/p>\n\n\n\n<p>Alemania prohibi\u00f3 desde ayer&nbsp; los ingresos a su territorio de personas provenientes de cinco pa\u00edses (Reino Unido, Irlanda, Portugal, Brasil y Sud\u00e1frica) afectados por las distintas variantes del Covid-19.<\/p>\n\n\n\n<p>Y Francia cerrar\u00e1 a partir de hoy sus fronteras con los pa\u00edses exteriores de la Uni\u00f3n Europea (UE) y aplicar\u00e1 otras restricciones, en lo que parece ser la \u00faltima oportunidad antes de imponer un confinamiento.<\/p>\n\n\n\n<p>Espa\u00f1a y Portugal, en tanto, restablecer\u00e1n temporalmente los controles en la frontera interior terrestre desde hoy y hasta el 10 de febrero, tiempo en el que s\u00f3lo se permitir\u00e1 el tr\u00e1nsito por motivos laborales o para visitar a c\u00f3nyuges o parejas, y la de residentes o estudiantes, entre otros.<\/p>\n\n\n\n<p>Canad\u00e1 tambi\u00e9n suspendi\u00f3 desde hoy los vuelos con M\u00e9xico y el Caribe para intentar controlar la llegada al pa\u00eds de nuevas variantes de Covid-19, aunque mantiene abiertos corredores a\u00e9reos con otros pa\u00edses, como Reino Unido y Estados Unidos.<\/p>\n\n\n\n<p>En Europa, la mayor\u00eda de los pa\u00edses est\u00e1n reforzando sus medidas para frenar la propagaci\u00f3n de las variantes del virus detectadas en Reino Unido, Sud\u00e1frica y la Amazon\u00eda brasile\u00f1a.<\/p>\n\n\n\n<p>Pero en medio de las restricciones tambi\u00e9n queda lugar para alguna buena noticia. Los Museos Vaticanos, que albergan, entre otros, la Capilla Sixtina, volver\u00e1n a abrir sus puertas ma\u00f1ana.<\/p>\n\n\n\n<p>&nbsp;La Uni\u00f3n Europea activ\u00f3 ayer un mecanismo para el control de las exportaciones de vacunas del Covid-19 de las farmac\u00e9uticas en territorio europeo con el objetivo de aumentar la transparencia y asegurar el suministro de las dosis comprometidas.<\/p>\n\n\n\n<p>(Informaci\u00f3n de \u201cEl Heraldo de M\u00e9xico\u201d)<\/p>\n","protected":false},"excerpt":{"rendered":"<p>Redacci\u00f3n\/Zona Roja Cdmx. Ciudad de M\u00e9xico, 31 de enero de 2021.- Francia, Alemania, Espa\u00f1a, Portugal,&hellip;<\/p>\n","protected":false},"author":2,"featured_media":23021,"comment_status":"closed","ping_status":"open","sticky":false,"template":"","format":"standard","meta":{"_lmt_disableupdate":"","_lmt_disable":"","_jetpack_memberships_contains_paid_content":false,"footnotes":""},"categories":[109,47],"tags":[1510],"class_list":["post-23020","post","type-post","status-publish","format-standard","has-post-thumbnail","hentry","category-minuto-a-minuto","category-zona-gris","tag-coronavirus-pandemia-global"],"jetpack_featured_media_url":"https:\/\/zonaroja.com.mx\/wp-content\/uploads\/2021\/01\/Vuelos-Union-Europea.jpg","jetpack_sharing_enabled":true,"_links":{"self":[{"href":"https:\/\/zonaroja.com.mx\/index.php?rest_route=\/wp\/v2\/posts\/23020","targetHints":{"allow":["GET"]}}],"collection":[{"href":"https:\/\/zonaroja.com.mx\/index.php?rest_route=\/wp\/v2\/posts"}],"about":[{"href":"https:\/\/zonaroja.com.mx\/index.php?rest_route=\/wp\/v2\/types\/post"}],"author":[{"embeddable":true,"href":"https:\/\/zonaroja.com.mx\/index.php?rest_route=\/wp\/v2\/users\/2"}],"replies":[{"embeddable":true,"href":"https:\/\/zonaroja.com.mx\/index.php?rest_route=%2Fwp%2Fv2%2Fcomments&post=23020"}],"version-history":[{"count":1,"href":"https:\/\/zonaroja.com.mx\/index.php?rest_route=\/wp\/v2\/posts\/23020\/revisions"}],"predecessor-version":[{"id":23022,"href":"https:\/\/zonaroja.com.mx\/index.php?rest_route=\/wp\/v2\/posts\/23020\/revisions\/23022"}],"wp:featuredmedia":[{"embeddable":true,"href":"https:\/\/zonaroja.com.mx\/index.php?rest_route=\/wp\/v2\/media\/23021"}],"wp:attachment":[{"href":"https:\/\/zonaroja.com.mx\/index.php?rest_route=%2Fwp%2Fv2%2Fmedia&parent=23020"}],"wp:term":[{"taxonomy":"category","embeddable":true,"href":"https:\/\/zonaroja.com.mx\/index.php?rest_route=%2Fwp%2Fv2%2Fcategories&post=23020"},{"taxonomy":"post_tag","embeddable":true,"href":"https:\/\/zonaroja.com.mx\/index.php?rest_route=%2Fwp%2Fv2%2Ftags&post=23020"}],"curies":[{"name":"wp","href":"https:\/\/api.w.org\/{rel}","templated":true}]}}