{"id":23023,"date":"2021-01-31T07:39:58","date_gmt":"2021-01-31T13:39:58","guid":{"rendered":"http:\/\/www.zonaroja.com.mx\/?p=23023"},"modified":"2021-01-31T07:40:01","modified_gmt":"2021-01-31T13:40:01","slug":"mariana-la-medico-que-sonaba-con-ser-patologa-y-fue-asesinada-en-chiapas","status":"publish","type":"post","link":"https:\/\/zonaroja.com.mx\/?p=23023","title":{"rendered":"Mariana, la m\u00e9dico que so\u00f1aba con ser pat\u00f3loga y fue asesinada en Chiapas"},"content":{"rendered":"\n<p>Redacci\u00f3n\/Zona Roja Cdmx.<\/p>\n\n\n\n<p>Ciudad de M\u00e9xico, 31 de enero de 2021.- Mariana S\u00e1nchez ten\u00eda 25 a\u00f1os de edad, se estaba preparando para titularse como m\u00e9dica y so\u00f1aba con hacer una especialidad de patolog\u00eda.<\/p>\n\n\n\n<p>Sin embargo, sus proyectos fueron arrebatados este 28 de enero.<\/p>\n\n\n\n<p>Reci\u00e9n hab\u00eda concluido sus estudios de la licenciatura en M\u00e9dico Cirujano en la Universidad Nacional Aut\u00f3noma de Chiapas (UNACH) y hab\u00eda iniciado su servicio social en una cl\u00ednica de la Secretar\u00eda de Salud, que se ubica en la colonia Nueva Palestina del municipio de Ocosingo.<\/p>\n\n\n\n<p>De acuerdo con \u201cLa Silla Rota\u201d, era hija \u00fanica y vivi\u00f3 la mayor parte de su vida con su abuelita, a quien tem\u00eda dejar sola.<\/p>\n\n\n\n<p>La m\u00e9dico estaba a favor de la legalizaci\u00f3n de la interrupci\u00f3n del embarazo, se\u00f1alando que las personas provida podr\u00edan donar sangre, m\u00e9dula u \u00f3rganos vitales para ayudar a otros a no morir.<\/p>\n\n\n\n<p>En sus redes sociales sol\u00eda compartir memes, im\u00e1genes de \u00e1nimo y le gustaba presumir que la comida chatarra y postres, como el pay de lim\u00f3n, eran sus alimentos favoritos.<\/p>\n\n\n\n<p>\u201cEra una mujer tierna, linda, inteligente, que a pesar de los obst\u00e1culos que le hab\u00edan presentado, los supo superar, una buena amiga que te daba un apoyo incondicional, que te aceptaba en su casa como un hermano\u201d, dijo entre sollozos Carlos, un amigo cercano a Mariana, que fue entrevistado por el citado medio.<\/p>\n\n\n\n<p>El joven se\u00f1al\u00f3 que la zona en la que est\u00e1 ubicada la cl\u00ednica es de \u201calto riesgo\u201d puesto que es un espacio ocupado por los zapatistas y las autoridades gubernamentales casi no tienen presencia ah\u00ed. Adem\u00e1s, dijo que ya se hab\u00edan registrado otras agresiones a personal m\u00e9dico del lugar.<\/p>\n\n\n\n<p>\u201cEsta zona es muy machista, por as\u00ed decirlo, nosotros como chiapanecos sabemos el contexto, muchas veces nos dicen: es que son zonas ind\u00edgenas, hay que comprenderlo, pero en toda esa zona la poblaci\u00f3n es literal, roban, matan, queman, linchan a muchas personas\u201d, dijo.<\/p>\n\n\n\n<p>EXIGEN JUSTICIA<\/p>\n\n\n\n<p>El feminicidio de Mariana S\u00e1nchez, ha vuelto a encender las alertas de violencia de g\u00e9nero en M\u00e9xico. Su deceso ha causado indignaci\u00f3n y preocupaci\u00f3n en la poblaci\u00f3n, pues las autoridades siguen demostrando su incapacidad para ayudar a las v\u00edctimas.<\/p>\n\n\n\n<p>De acuerdo a la informaci\u00f3n que ha trascendido, Mariana, quien realizaba su servicio social en la cl\u00ednica de Nueva Palestina, hab\u00eda denunciado dos meses antes del hallazgo de su cuerpo, un ataque de abuso sexual por parte de uno de los miembros de la comunidad.<\/p>\n\n\n\n<p>Sin embargo, la denuncia no progres\u00f3. Tras ello, solicit\u00f3 apoyo de las autoridades de la Universidad Nacional Aut\u00f3noma de Chiapas y a la Secretar\u00eda de Salud local, encargadas de su pasant\u00eda para que fuera cambiada de cl\u00ednica y pudiera continuar sus actividades sin ser hostigada sexualmente.<\/p>\n\n\n\n<p>La soluci\u00f3n de estos \u00faltimos fue enviarla un mes de vacaciones, sin goce de beca, sin resolver el problema, e incluso amenaz\u00e1ndola de que no le liberar\u00edan sus documentos si no acababa su servicio social.<\/p>\n\n\n\n<p>Por si fuera poco, las autoridades presumieron que su deceso se hab\u00eda tratado de un suicidio pese a que en su cuerpo, encontrado el 28 de enero, hab\u00eda se\u00f1ales de ahorcamiento y violencia, pues negaron la existencia de estas.<\/p>\n\n\n\n<p>Lamentablemente la muerte de Mariana es el \u201cprimer\u201d caso de probable feminicidio que estalla en los medios y redes sociales este 2021.<\/p>\n\n\n\n<p>(Informaci\u00f3n de \u201cInfobae\u201d)<\/p>\n","protected":false},"excerpt":{"rendered":"<p>Redacci\u00f3n\/Zona Roja Cdmx. Ciudad de M\u00e9xico, 31 de enero de 2021.- Mariana S\u00e1nchez ten\u00eda 25&hellip;<\/p>\n","protected":false},"author":2,"featured_media":23024,"comment_status":"closed","ping_status":"open","sticky":false,"template":"","format":"standard","meta":{"_lmt_disableupdate":"","_lmt_disable":"","_jetpack_memberships_contains_paid_content":false,"footnotes":""},"categories":[109,47],"tags":[2417],"class_list":["post-23023","post","type-post","status-publish","format-standard","has-post-thumbnail","hentry","category-minuto-a-minuto","category-zona-gris","tag-mariana-sanchez-chiapas"],"jetpack_featured_media_url":"https:\/\/zonaroja.com.mx\/wp-content\/uploads\/2021\/01\/Justicia-para-Mariana.jpg","jetpack_sharing_enabled":true,"_links":{"self":[{"href":"https:\/\/zonaroja.com.mx\/index.php?rest_route=\/wp\/v2\/posts\/23023","targetHints":{"allow":["GET"]}}],"collection":[{"href":"https:\/\/zonaroja.com.mx\/index.php?rest_route=\/wp\/v2\/posts"}],"about":[{"href":"https:\/\/zonaroja.com.mx\/index.php?rest_route=\/wp\/v2\/types\/post"}],"author":[{"embeddable":true,"href":"https:\/\/zonaroja.com.mx\/index.php?rest_route=\/wp\/v2\/users\/2"}],"replies":[{"embeddable":true,"href":"https:\/\/zonaroja.com.mx\/index.php?rest_route=%2Fwp%2Fv2%2Fcomments&post=23023"}],"version-history":[{"count":1,"href":"https:\/\/zonaroja.com.mx\/index.php?rest_route=\/wp\/v2\/posts\/23023\/revisions"}],"predecessor-version":[{"id":23025,"href":"https:\/\/zonaroja.com.mx\/index.php?rest_route=\/wp\/v2\/posts\/23023\/revisions\/23025"}],"wp:featuredmedia":[{"embeddable":true,"href":"https:\/\/zonaroja.com.mx\/index.php?rest_route=\/wp\/v2\/media\/23024"}],"wp:attachment":[{"href":"https:\/\/zonaroja.com.mx\/index.php?rest_route=%2Fwp%2Fv2%2Fmedia&parent=23023"}],"wp:term":[{"taxonomy":"category","embeddable":true,"href":"https:\/\/zonaroja.com.mx\/index.php?rest_route=%2Fwp%2Fv2%2Fcategories&post=23023"},{"taxonomy":"post_tag","embeddable":true,"href":"https:\/\/zonaroja.com.mx\/index.php?rest_route=%2Fwp%2Fv2%2Ftags&post=23023"}],"curies":[{"name":"wp","href":"https:\/\/api.w.org\/{rel}","templated":true}]}}