{"id":23041,"date":"2021-01-31T17:24:30","date_gmt":"2021-01-31T23:24:30","guid":{"rendered":"http:\/\/www.zonaroja.com.mx\/?p=23041"},"modified":"2021-01-31T20:14:13","modified_gmt":"2021-02-01T02:14:13","slug":"feminicidios-en-oaxaca-alarmantes-ante-una-fiscalia-invisible-y-un-gobierno-sin-voluntad","status":"publish","type":"post","link":"https:\/\/zonaroja.com.mx\/?p=23041","title":{"rendered":"Feminicidios en Oaxaca alarmantes ante una Fiscal\u00eda invisible y un gobierno sin voluntad"},"content":{"rendered":"\n<p>Yuridiana Sosa\/Zona Roja.<\/p>\n\n\n\n<p>Oaxaca de Ju\u00e1rez, Oax., 31 de enero de 2021.- Los feminicidios en Oaxaca se han convertido en un problema grave que se extiende, ante una Fiscal\u00eda General del Estado invisible y un gobierno sin voluntad, asever\u00f3 la activista nacional Frida Guerrera en su reciente visita a la entidad.<\/p>\n\n\n\n<p>\u201cOaxaca parece que no tiene Fiscal\u00eda, yo ni siquiera he visto una acci\u00f3n de la fiscal de g\u00e9nero, hay un fiscal general invisible, pareciera una instituci\u00f3n ac\u00e9fala, no hay gu\u00eda\u201d, asegur\u00f3 la defensora de derechos de las mujeres y activista contra los feminicidios en M\u00e9xico.<\/p>\n\n\n\n<p>En entrevista, lament\u00f3 que en Oaxaca la justicia para las mujeres no se alcance con el transcurso de los a\u00f1os y el tema del feminicidio sea descalificado en cada sexenio, as\u00ed como cada vez sean m\u00e1s las desapariciones de mujeres y ni\u00f1as, de la que tampoco hay un registro real.<\/p>\n\n\n\n<p>Para la activista, quien ha recorrido el pa\u00eds por distintos casos de violencia contra las mujeres, las Alertas de Violencia de G\u00e9nero, como la que cuenta esta entidad desde agosto de 2018, no sirven, su confianza est\u00e1 en las voluntades pol\u00edticas, pero en Oaxaca tampoco ve esa actitud por parte del gobierno.<\/p>\n\n\n\n<p>\u201cSi no hacemos algo, la sa\u00f1a va a ser cada vez peor\u201d, expres\u00f3 al recordar su lucha en Oaxaca, cuando en 2006 fue testigo de las diferentes violencias contra los oaxaque\u00f1os, entre ellas contra las mujeres y la cual no ha cesado, al igual que la creciente indiferencia de las autoridades.<\/p>\n\n\n\n<figure class=\"wp-block-embed-twitter wp-block-embed is-type-rich is-provider-twitter\"><div class=\"wp-block-embed__wrapper\">\n<div class=\"twitter-tweet\"><blockquote class=\"twitter-tweet\" data-lang=\"es\"><p lang=\"es\" dir=\"ltr\"><a href=\"https:\/\/twitter.com\/hashtag\/OaxacaEstadoFeminicida?src=hash&amp;ref_src=twsrc%5Etfw\">#OaxacaEstadoFeminicida<\/a> <br>En su reciente vista, la activista <a href=\"https:\/\/twitter.com\/Fridaguerrera?ref_src=twsrc%5Etfw\">@Fridaguerrera<\/a> habl\u00f3 sobre la grave situaci\u00f3n de los feminicidios en la entidad; \u201ccomo que cada vez a <a href=\"https:\/\/twitter.com\/hashtag\/Oaxaca?src=hash&amp;ref_src=twsrc%5Etfw\">#Oaxaca<\/a> no le puede ir peor&#8230; parece que no tienen fiscal&#8230; no he visto ninguna acci\u00f3n\u201d&#8230; <a href=\"https:\/\/t.co\/srCyPrT1KQ\">pic.twitter.com\/srCyPrT1KQ<\/a><\/p>&mdash; Zona Roja Oaxaca (@MexRoja) <a href=\"https:\/\/twitter.com\/MexRoja\/status\/1356050134187040772?ref_src=twsrc%5Etfw\">1 de febrero de 2021<\/a><\/blockquote><\/div>\n<\/div><\/figure>\n\n\n\n<p>Frida Guerrera, quien afirm\u00f3 que su miedo a la denuncia lo perdi\u00f3 hace 14 a\u00f1os en Oaxaca, mand\u00f3 un mensaje a las oaxaque\u00f1as que como ella, luchan para visibilizar la violencia contra las mujeres.<\/p>\n\n\n\n<p>\u201cNo paren, no permitan que nadie venda sus convicciones. Nos pueden atacar, levantar, quemar, injuriar en redes sociales, pero nos paren, porque si nos quedamos calladas nos van a seguir asesinando\u201d, destac\u00f3.<\/p>\n\n\n\n<p>En entrevista con ZONA ROJA, la defensora tambi\u00e9n comparti\u00f3 la violencia a un grupo de mujeres, ni\u00f1as, ni\u00f1os y ancianas en la comunidad triqui de Tierra Blanca Copala, en la regi\u00f3n Mixteca.<\/p>\n\n\n\n<p>Ella, que tambi\u00e9n intervino en ayuda en esta ocasi\u00f3n como hace 10 a\u00f1os con el desplazamiento de las familias de San Juan Copala, compar\u00f3 los hechos y se\u00f1al\u00f3 que los de este a\u00f1o fueron con mayor sa\u00f1a, \u201clo de hoy fue una tortura colectiva\u201d, indic\u00f3.<\/p>\n\n\n\n<p>Por al menos cinco d\u00edas las mujeres y sus hijos estuvieron encerradas en un lugar, escuchando disparos con el temor a ser atacadas, sin alimento ni nadie del gobierno que las ayudara a pesar de las denuncias de los hechos por sus paisanos.<\/p>\n\n\n\n<p>Expres\u00f3 que los ind\u00edgenas triquis viven de una gran discriminaci\u00f3n. \u201cAlgo grave poder visibilizar el feminicidio, pero el asesinato de mujeres ind\u00edgenas se queda completamente en la invisibilidad y eso iba a pasar con ellas, si no se hubieran movilizado (sus compa\u00f1eras), no hubiera pasado nada (en ayuda)\u201d.<\/p>\n","protected":false},"excerpt":{"rendered":"<p>Yuridiana Sosa\/Zona Roja. Oaxaca de Ju\u00e1rez, Oax., 31 de enero de 2021.- Los feminicidios en&hellip;<\/p>\n","protected":false},"author":2,"featured_media":23042,"comment_status":"closed","ping_status":"open","sticky":false,"template":"","format":"standard","meta":{"_lmt_disableupdate":"","_lmt_disable":"","_jetpack_memberships_contains_paid_content":false,"footnotes":""},"categories":[109,47],"tags":[610,1377],"class_list":["post-23041","post","type-post","status-publish","format-standard","has-post-thumbnail","hentry","category-minuto-a-minuto","category-zona-gris","tag-feminicidios-oaxaca","tag-frida-guerrera-villalvazo"],"jetpack_featured_media_url":"https:\/\/zonaroja.com.mx\/wp-content\/uploads\/2021\/01\/Frida-Guerrera.jpg","jetpack_sharing_enabled":true,"_links":{"self":[{"href":"https:\/\/zonaroja.com.mx\/index.php?rest_route=\/wp\/v2\/posts\/23041","targetHints":{"allow":["GET"]}}],"collection":[{"href":"https:\/\/zonaroja.com.mx\/index.php?rest_route=\/wp\/v2\/posts"}],"about":[{"href":"https:\/\/zonaroja.com.mx\/index.php?rest_route=\/wp\/v2\/types\/post"}],"author":[{"embeddable":true,"href":"https:\/\/zonaroja.com.mx\/index.php?rest_route=\/wp\/v2\/users\/2"}],"replies":[{"embeddable":true,"href":"https:\/\/zonaroja.com.mx\/index.php?rest_route=%2Fwp%2Fv2%2Fcomments&post=23041"}],"version-history":[{"count":2,"href":"https:\/\/zonaroja.com.mx\/index.php?rest_route=\/wp\/v2\/posts\/23041\/revisions"}],"predecessor-version":[{"id":23051,"href":"https:\/\/zonaroja.com.mx\/index.php?rest_route=\/wp\/v2\/posts\/23041\/revisions\/23051"}],"wp:featuredmedia":[{"embeddable":true,"href":"https:\/\/zonaroja.com.mx\/index.php?rest_route=\/wp\/v2\/media\/23042"}],"wp:attachment":[{"href":"https:\/\/zonaroja.com.mx\/index.php?rest_route=%2Fwp%2Fv2%2Fmedia&parent=23041"}],"wp:term":[{"taxonomy":"category","embeddable":true,"href":"https:\/\/zonaroja.com.mx\/index.php?rest_route=%2Fwp%2Fv2%2Fcategories&post=23041"},{"taxonomy":"post_tag","embeddable":true,"href":"https:\/\/zonaroja.com.mx\/index.php?rest_route=%2Fwp%2Fv2%2Ftags&post=23041"}],"curies":[{"name":"wp","href":"https:\/\/api.w.org\/{rel}","templated":true}]}}