{"id":23047,"date":"2021-01-31T20:08:06","date_gmt":"2021-02-01T02:08:06","guid":{"rendered":"http:\/\/www.zonaroja.com.mx\/?p=23047"},"modified":"2021-01-31T20:08:10","modified_gmt":"2021-02-01T02:08:10","slug":"cristal-otra-pandemia-letal","status":"publish","type":"post","link":"https:\/\/zonaroja.com.mx\/?p=23047","title":{"rendered":"Cristal, otra pandemia letal"},"content":{"rendered":"\n<p>Flavio Sosa Villavicencio*<\/p>\n\n\n\n<p><em>La carretera es un camino triste,<\/em><\/p>\n\n\n\n<p><em>muy triste,<\/em><\/p>\n\n\n\n<p><em>es \u00e1rida y silenciosa.<\/em><\/p>\n\n\n\n<p><em>En un d\u00eda triste la noche es un Kalashnikov.<\/em><\/p>\n\n\n\n<p><em>Todos somos los muertos que la noche asesinar\u00e1<\/em>.<\/p>\n\n\n\n<p>Oaxaca de Ju\u00e1rez, Oax., 31 de enero de 2021.- Durante las d\u00e9cada 60\u2019s, 70\u2019s y 80\u2019s, Colombia vivi\u00f3 la \u201cbonanza marimbera\u201d, que gener\u00f3 brutales tensiones y rupturas de sus tejidos sociales comunitarios, el cultivo y la exportaci\u00f3n de la mariguana se convirti\u00f3 en la v\u00eda que parec\u00eda traer\u00eda prosperidad y desarrollo a importantes regiones de ese pa\u00eds.<\/p>\n\n\n\n<p>La pel\u00edcula \u201cP\u00e1jaros de verano\u201d, de Ciro Guerra y Cristina Gallego, ilustra con magistral elocuencia el drama que vivieron los way\u00fau, el pueblo ind\u00edgena m\u00e1s numeroso de Colombia.<\/p>\n\n\n\n<p>Vale la pena mirar, con los ojos de nuestras realidades, dicha cinta para entender la encrucijada y drama que viven los pueblos y comunidades del estado de Oaxaca con la brutal penetraci\u00f3n de la violencia, el crimen y en los \u00faltimos a\u00f1os una droga: una metanfetamina barata y devastadora llamada cristal.<\/p>\n\n\n\n<p>El cristal ya est\u00e1 en todas las regiones del estado de Oaxaca, ha penetrado silenciosa o escandalosamente, seg\u00fan se le quiera, ver los tejidos sociales. Circula en colonias y en ciudades, ha llegado a comunidades muy apartadas, se consume en fiestas, bailes, antros, pachangas y recesos escolares. Las autoridades no hablan del tema, no hay campa\u00f1as que ilustren a ni\u00f1@s y joven@s de su fuerza adictiva y sus efectos en el corto y mediano plazo. Parece ser un enemigo innombrable.<\/p>\n\n\n\n<p><em>Anoche sal\u00ed a buscarte,<\/em><\/p>\n\n\n\n<p><em>sal\u00ed a perseguir mi alma por la carretera.<\/em><\/p>\n\n\n\n<p><em>Anoche me mont\u00e9 a la carretera.<\/em><\/p>\n\n\n\n<p><em>No hall\u00e9 tu mirada,<\/em><\/p>\n\n\n\n<p><em>no hall\u00e9 tu sonrisa,<\/em><\/p>\n\n\n\n<p><em>no hall\u00e9 mi alma.<\/em><\/p>\n\n\n\n<p><em>Soy un largo y fantasmal lamento<\/em><\/p>\n\n\n\n<p><em>voy huyendo del fuego<\/em><\/p>\n\n\n\n<p><em>ahora s\u00e9 es mi destino<\/em><\/p>\n\n\n\n<p><em>soy de veredas<\/em><\/p>\n\n\n\n<p><em>mis pies son yagas supurantes<\/em><\/p>\n\n\n\n<p><em>en la carretera<\/em>.<\/p>\n\n\n\n<p>&#8211;\u00bfUstedes c\u00f3mo le dec\u00edan en tu banda al cristal? &#8211;Le pregunto a Odav\u00edas, un valedor que gracias a un centro de rehabilitaci\u00f3n, se libr\u00f3 de esa pandemia que ahora persigue por todo el territorio a joven@s y adolescent@s oaxaque\u00f1@s.<\/p>\n\n\n\n<p>&#8211;Humo, hielo, criko, cri cr\u00ed, cristal, chucki.. &#8211;Me responde Odav\u00edas.<\/p>\n\n\n\n<p>En otro pueblo le dicen Cristo, la palabra del se\u00f1or, y tambi\u00e9n ice. Tiene muchos nombres, pero su composici\u00f3n y efectos son casi siempre los mismos.<\/p>\n\n\n\n<figure class=\"wp-block-embed-twitter wp-block-embed is-type-rich is-provider-twitter\"><div class=\"wp-block-embed__wrapper\">\n<div class=\"twitter-tweet\"><blockquote class=\"twitter-tweet\" data-lang=\"es\"><p lang=\"es\" dir=\"ltr\">A mediados de enero, el activista social <a href=\"https:\/\/twitter.com\/flaviososavilla?ref_src=twsrc%5Etfw\">@flaviososavilla<\/a> recab\u00f3 testimonios sobre la gravedad de las drogas sint\u00e9ticas en la ni\u00f1ez y juventud oaxaque\u00f1a. Posteriormente redact\u00f3 un texto que les compartiremos. <br>Aqu\u00ed parte de una entrevista: <a href=\"https:\/\/t.co\/VMOHqMDsks\">pic.twitter.com\/VMOHqMDsks<\/a><\/p>&mdash; Zona Roja Oaxaca (@MexRoja) <a href=\"https:\/\/twitter.com\/MexRoja\/status\/1355914800962957329?ref_src=twsrc%5Etfw\">31 de enero de 2021<\/a><\/blockquote><\/div>\n<\/div><\/figure>\n\n\n\n<p>Nos explican Karina Jim\u00e9nez Silvestre y P. Isa\u00edas Castillo Franco, estudiosos del tema:<\/p>\n\n\n\n<p>\u201cLos qu\u00edmicos usados com\u00fanmente en la elaboraci\u00f3n de metanfetamina incluyen solventes inflamables o compuestos vol\u00e1tiles org\u00e1nicos como metanol, \u00e9ter, benceno, cloruro de metileno, tricloruro de etano o tolueno. Tambi\u00e9n \u00e1cido muri\u00e1tico, hidr\u00f3xido de sodio, sal, amoniaco y otros que no son f\u00e1ciles de encontrar, como solventes de gas de l\u00e1mpara, anticongelantes, hidr\u00f3xido de amonio, f\u00f3sforo rojo, yodo y metales reactivos\u201d (Departamento de Salud de Wyoming s\/f).<\/p>\n\n\n\n<p>\u201cPor la forma de preparaci\u00f3n, se han se\u00f1alado casos de envenenamiento agudo con plomo, pues llegan a utilizar acetato de plomo como reactivo qu\u00edmico (Ibid).<\/p>\n\n\n\n<p>\u00abSi bien la literatura menciona las caracter\u00edsticas de las metanfetaminas, los entrevistados s\u00f3lo refieren a las nombradas como cristal y ice, que consideran diferentes entre s\u00ed en cuanto a presentaci\u00f3n, duraci\u00f3n de efectos, pureza y presencia en el mercado\u201d.<\/p>\n\n\n\n<p><em>La noche es un viento helado<\/em><\/p>\n\n\n\n<p><em>no te hallo en ninguna parte<\/em><\/p>\n\n\n\n<p><em>\u00bfD\u00f3nde est\u00e1s?<\/em><\/p>\n\n\n\n<p><em>estoy buscando tus brazos<\/em><\/p>\n\n\n\n<p><em>la noche es un viento helado<\/em><\/p>\n\n\n\n<p><em>mis pulmones revientan<\/em><\/p>\n\n\n\n<p><em>gimen<\/em><\/p>\n\n\n\n<p><em>mis arterias<\/em><\/p>\n\n\n\n<p><em>no est\u00e1s en ninguna parte<\/em><\/p>\n\n\n\n<p><em>no est\u00e1s en la carretera.<\/em><\/p>\n\n\n\n<p>No se encuentran con facilidad datos acerca de la influencia del cristal en territorio oaxaque\u00f1o, los pocos datos que hay son alarmantes.<\/p>\n\n\n\n<p>Oaxaca se ha convertido en uno de los focos rojos de consumo de cristal en M\u00e9xico. 45% de los pacientes de primer ingreso a centros de rehabilitaci\u00f3n en el estado es por metanfetaminas. Seg\u00fan cifras oficiales, 75% inicia su consumo entre los 10 y 25 a\u00f1os.<\/p>\n\n\n\n<p>Hay pocos datos, pero en las distintas regiones del estado, en pueblos y comunidades es un secreto a voces, l@s chavos le est\u00e1n entrando al cristal, el cristal es la droga de moda en Oaxaca, muchos de l@s j\u00f3venes que se divierten con alcohol ahora lo combinan con cristal.<\/p>\n\n\n\n<p><em>Suena el viejo Bob de madrugada,<\/em><\/p>\n\n\n\n<p><em>sus profec\u00edas retumban.<\/em><\/p>\n\n\n\n<p><em>La noche dispara<\/em><\/p>\n\n\n\n<p><em>r\u00e1fagas contra mi cuerpo<\/em><\/p>\n\n\n\n<p><em>\u00bfD\u00f3nde est\u00e1s?<\/em><\/p>\n\n\n\n<p><em>La noche es un Kalashnikov.<\/em><\/p>\n\n\n\n<p><em>Un viento helado dispara r\u00e1fagas contra mi cuerpo.<\/em><\/p>\n\n\n\n<p>A Odav\u00edas le sigue gustando Charly Montana y ahora dice que le da risa y coraje escuchar \u201cEntre perico y perico\u201d, de \u201cEl exterminador\u201d.<\/p>\n\n\n\n<p>&#8211;Gracias a la Virgencita de Juquila la libr\u00e9, &#8211;me asegura Odav\u00edas.<\/p>\n\n\n\n<p>&#8211;Si hubiera seguido de criko, ya no tuviera neuronas, estuviera todo lelo, &#8211;me dice sonriente, se pone su cubrebocas del Am\u00e9rica y se despide&#8230;<\/p>\n","protected":false},"excerpt":{"rendered":"<p>Flavio Sosa Villavicencio* La carretera es un camino triste, muy triste, es \u00e1rida y silenciosa.&hellip;<\/p>\n","protected":false},"author":2,"featured_media":23048,"comment_status":"closed","ping_status":"open","sticky":false,"template":"","format":"standard","meta":{"_lmt_disableupdate":"","_lmt_disable":"","_jetpack_memberships_contains_paid_content":false,"footnotes":""},"categories":[109,46],"tags":[685],"class_list":["post-23047","post","type-post","status-publish","format-standard","has-post-thumbnail","hentry","category-minuto-a-minuto","category-zona-blanca","tag-flavio-sosa-villavicencio"],"jetpack_featured_media_url":"https:\/\/zonaroja.com.mx\/wp-content\/uploads\/2021\/01\/Flavio-Sosa-Villavicencio.jpg","jetpack_sharing_enabled":true,"_links":{"self":[{"href":"https:\/\/zonaroja.com.mx\/index.php?rest_route=\/wp\/v2\/posts\/23047","targetHints":{"allow":["GET"]}}],"collection":[{"href":"https:\/\/zonaroja.com.mx\/index.php?rest_route=\/wp\/v2\/posts"}],"about":[{"href":"https:\/\/zonaroja.com.mx\/index.php?rest_route=\/wp\/v2\/types\/post"}],"author":[{"embeddable":true,"href":"https:\/\/zonaroja.com.mx\/index.php?rest_route=\/wp\/v2\/users\/2"}],"replies":[{"embeddable":true,"href":"https:\/\/zonaroja.com.mx\/index.php?rest_route=%2Fwp%2Fv2%2Fcomments&post=23047"}],"version-history":[{"count":1,"href":"https:\/\/zonaroja.com.mx\/index.php?rest_route=\/wp\/v2\/posts\/23047\/revisions"}],"predecessor-version":[{"id":23049,"href":"https:\/\/zonaroja.com.mx\/index.php?rest_route=\/wp\/v2\/posts\/23047\/revisions\/23049"}],"wp:featuredmedia":[{"embeddable":true,"href":"https:\/\/zonaroja.com.mx\/index.php?rest_route=\/wp\/v2\/media\/23048"}],"wp:attachment":[{"href":"https:\/\/zonaroja.com.mx\/index.php?rest_route=%2Fwp%2Fv2%2Fmedia&parent=23047"}],"wp:term":[{"taxonomy":"category","embeddable":true,"href":"https:\/\/zonaroja.com.mx\/index.php?rest_route=%2Fwp%2Fv2%2Fcategories&post=23047"},{"taxonomy":"post_tag","embeddable":true,"href":"https:\/\/zonaroja.com.mx\/index.php?rest_route=%2Fwp%2Fv2%2Ftags&post=23047"}],"curies":[{"name":"wp","href":"https:\/\/api.w.org\/{rel}","templated":true}]}}