{"id":23052,"date":"2021-01-31T20:30:11","date_gmt":"2021-02-01T02:30:11","guid":{"rendered":"http:\/\/www.zonaroja.com.mx\/?p=23052"},"modified":"2021-01-31T20:30:14","modified_gmt":"2021-02-01T02:30:14","slug":"descarta-steuabjo-iniciar-huelga-este-lunes-1-de-febrero","status":"publish","type":"post","link":"https:\/\/zonaroja.com.mx\/?p=23052","title":{"rendered":"Descarta STEUABJO iniciar huelga este lunes 1 de febrero"},"content":{"rendered":"\n<p>Ismael Garc\u00eda M.\/Zona Roja.<\/p>\n\n\n\n<p>Oaxaca de Ju\u00e1rez, Oax., 31 de enero de 2021.- El Sindicato de Trabajadores y Empleados de la Universidad Aut\u00f3noma \u201cBenito Ju\u00e1rez\u201d de Oaxaca (STEUABJO) descart\u00f3 iniciar su huelga programada para el primer minuto de ma\u00f1ana 1 de febrero.<\/p>\n\n\n\n<p>Este domingo, la Junta de Conciliaci\u00f3n y Arbitraje del gobierno estatal, a cargo de V\u00edctor Quiroz Arellanes, notific\u00f3 a las partes involucradas el acuerdo solicitado por el gremio de prorrogar el estallamiento a las 07:00 horas del 23 de febrero.<\/p>\n\n\n\n<p>Lo anterior, en atenci\u00f3n a la pandemia por Covid-19 que atraviesa el mundo y en consecuencia Oaxaca.<\/p>\n\n\n\n<p>La Junta convocar\u00e1 a las partes de nueva cuenta una vez que cambie el sem\u00e1foro epidemiol\u00f3gico y s\u00f3lo podr\u00e1n comparecer de manera presencial dos personas por la parte laboral y dos por la parte patronal, a fin de preservar la sana distancia y las medidas de salud.<\/p>\n\n\n\n<p>Desde el pasado viernes, la rector\u00eda de la UABJO inform\u00f3 a los sindicalizados del STEUABJO que el aumento salarial autorizado por la Federaci\u00f3n para todas las universidades del pa\u00eds, es de 3.4 por ciento, incluido para la UNAM.<\/p>\n\n\n\n<p>En tanto, las demandas de presuntas violaciones al Contrato Colectivo de Trabajo se siguen analizando y resolviendo conforme a las capacidades presupuestales.<\/p>\n\n\n\n<figure class=\"wp-block-image size-large\"><img decoding=\"async\" width=\"515\" height=\"680\" src=\"http:\/\/www.zonaroja.com.mx\/wp-content\/uploads\/2021\/01\/Oficio-Junta-STEUABJO.jpg\" alt=\"\" class=\"wp-image-23053\" srcset=\"https:\/\/zonaroja.com.mx\/wp-content\/uploads\/2021\/01\/Oficio-Junta-STEUABJO.jpg 515w, https:\/\/zonaroja.com.mx\/wp-content\/uploads\/2021\/01\/Oficio-Junta-STEUABJO-227x300.jpg 227w\" sizes=\"(max-width: 515px) 100vw, 515px\" \/><\/figure>\n","protected":false},"excerpt":{"rendered":"<p>Ismael Garc\u00eda M.\/Zona Roja. Oaxaca de Ju\u00e1rez, Oax., 31 de enero de 2021.- El Sindicato&hellip;<\/p>\n","protected":false},"author":2,"featured_media":23055,"comment_status":"closed","ping_status":"open","sticky":false,"template":"","format":"standard","meta":{"_lmt_disableupdate":"","_lmt_disable":"","_jetpack_memberships_contains_paid_content":false,"footnotes":""},"categories":[109,47],"tags":[1286],"class_list":["post-23052","post","type-post","status-publish","format-standard","has-post-thumbnail","hentry","category-minuto-a-minuto","category-zona-gris","tag-sindicato-de-trabajadores-y-empleados-de-la-uabjo-steuabjo"],"jetpack_featured_media_url":"https:\/\/zonaroja.com.mx\/wp-content\/uploads\/2021\/01\/Rectoria-UABJO-4.jpg","jetpack_sharing_enabled":true,"_links":{"self":[{"href":"https:\/\/zonaroja.com.mx\/index.php?rest_route=\/wp\/v2\/posts\/23052","targetHints":{"allow":["GET"]}}],"collection":[{"href":"https:\/\/zonaroja.com.mx\/index.php?rest_route=\/wp\/v2\/posts"}],"about":[{"href":"https:\/\/zonaroja.com.mx\/index.php?rest_route=\/wp\/v2\/types\/post"}],"author":[{"embeddable":true,"href":"https:\/\/zonaroja.com.mx\/index.php?rest_route=\/wp\/v2\/users\/2"}],"replies":[{"embeddable":true,"href":"https:\/\/zonaroja.com.mx\/index.php?rest_route=%2Fwp%2Fv2%2Fcomments&post=23052"}],"version-history":[{"count":1,"href":"https:\/\/zonaroja.com.mx\/index.php?rest_route=\/wp\/v2\/posts\/23052\/revisions"}],"predecessor-version":[{"id":23056,"href":"https:\/\/zonaroja.com.mx\/index.php?rest_route=\/wp\/v2\/posts\/23052\/revisions\/23056"}],"wp:featuredmedia":[{"embeddable":true,"href":"https:\/\/zonaroja.com.mx\/index.php?rest_route=\/wp\/v2\/media\/23055"}],"wp:attachment":[{"href":"https:\/\/zonaroja.com.mx\/index.php?rest_route=%2Fwp%2Fv2%2Fmedia&parent=23052"}],"wp:term":[{"taxonomy":"category","embeddable":true,"href":"https:\/\/zonaroja.com.mx\/index.php?rest_route=%2Fwp%2Fv2%2Fcategories&post=23052"},{"taxonomy":"post_tag","embeddable":true,"href":"https:\/\/zonaroja.com.mx\/index.php?rest_route=%2Fwp%2Fv2%2Ftags&post=23052"}],"curies":[{"name":"wp","href":"https:\/\/api.w.org\/{rel}","templated":true}]}}