{"id":2306,"date":"2019-07-16T15:50:12","date_gmt":"2019-07-16T20:50:12","guid":{"rendered":"http:\/\/www.zonaroja.com.mx\/?p=2306"},"modified":"2019-07-16T15:50:14","modified_gmt":"2019-07-16T20:50:14","slug":"a-un-ano-de-masacre-en-ecatepec-familias-de-las-victimas-claman-justicia","status":"publish","type":"post","link":"https:\/\/zonaroja.com.mx\/?p=2306","title":{"rendered":"A un a\u00f1o de masacre en Ecatepec, familias de las v\u00edctimas claman justicia"},"content":{"rendered":"\n<p>Redacci\u00f3n<\/p>\n\n\n\n<p>Oaxaca de\nJu\u00e1rez, Oax., 16 de julio de 2019.- A un a\u00f1o de la masacre en Santa Mar\u00eda\nEcatepec, en donde murieron 13 personas durante una emboscada, presuntamente\npor habitantes de la comunidad vecina de San Lucas Ixcotepec, familiares de las\nv\u00edctimas mantienen su exigencia de justicia.<\/p>\n\n\n\n<p>Ambas comunidades\nde la etnia chontal sostienen un a\u00f1ejo conflicto agrario por tres mil 600\nhect\u00e1reas de tierra que data desde 1979, de acuerdo con versiones locales,\ndonde Ecatepec ha reclamado la posesi\u00f3n de esas tierras, sin que exista\nreconocimiento tal de la otra comunidad.<\/p>\n\n\n\n<p>A trav\u00e9s de un video publicado este martes en las plataformas digitales, recordaron al gobernador Alejandro Murat Hinojosa que la cuenta est\u00e1 pendiente, mientras que al fiscal General, Rub\u00e9n Vasconcelos M\u00e9ndez, le reclamaron acciones inmediatas y contundentes para lograr la justicia, a un a\u00f1o de la masacre que visti\u00f3 de luto a toda la comunidad.<\/p>\n\n\n\n<figure class=\"wp-block-embed-twitter wp-block-embed is-type-rich is-provider-twitter\"><div class=\"wp-block-embed__wrapper\">\n<div class=\"twitter-tweet\"><blockquote class=\"twitter-tweet\" data-lang=\"es\"><p lang=\"es\" dir=\"ltr\"><a href=\"https:\/\/twitter.com\/hashtag\/OaxacaRojo?src=hash&amp;ref_src=twsrc%5Etfw\">#OaxacaRojo<\/a><a href=\"https:\/\/twitter.com\/hashtag\/Impunidad?src=hash&amp;ref_src=twsrc%5Etfw\">#Impunidad<\/a><br>A un a\u00f1o de la agresi\u00f3n de Ixcotepec a Santa Mar\u00eda Ecatepec,con saldo de 13 personas asesinadas, el gobierno de <a href=\"https:\/\/twitter.com\/alejandromurat?ref_src=twsrc%5Etfw\">@alejandromurat<\/a> no ha ejercido justicia,denuncian. \u201cLas familias oaxaque\u00f1as reclaman acciones inmediatas a <a href=\"https:\/\/twitter.com\/FISCALIA_GobOax?ref_src=twsrc%5Etfw\">@FISCALIA_GobOax<\/a> <a href=\"https:\/\/twitter.com\/RVasconcelosM?ref_src=twsrc%5Etfw\">@RVasconcelosM<\/a>\u201d. Vea: <a href=\"https:\/\/t.co\/MUeCfeNGv0\">pic.twitter.com\/MUeCfeNGv0<\/a><\/p>&mdash; Zona Roja Oaxaca (@MexRoja) <a href=\"https:\/\/twitter.com\/MexRoja\/status\/1151213056594198528?ref_src=twsrc%5Etfw\">16 de julio de 2019<\/a><\/blockquote><\/div>\n<\/div><\/figure>\n\n\n\n<p>Durante la\nemboscada murieron Valent\u00edn y Luis Flores Ram\u00edrez, Felipe Rodr\u00edguez, Alfonso\nGarnica Vargas, Magda Hern\u00e1ndez, Onoria Rodr\u00edguez Ram\u00edrez, Seferino Ram\u00edrez\nAvenda\u00f1o, Daniel Flores Mart\u00ednez, Abel Rodr\u00edguez Soto, Romualdo Ram\u00edrez\nAvenda\u00f1o, Agustino Ram\u00edrez Ram\u00edrez, Edgardo Hern\u00e1ndez L\u00f3pez, Rub\u00edcel Ram\u00edrez\nRodr\u00edguez.<\/p>\n\n\n\n<p>El pasado 23\nde enero, en la sede del Poder Legislativo, el diputado P\u00e1vel Mel\u00e9ndez y un\ngrupo de pobladores de Ecatepec, denunciaron en conferencia de prensa la\ninacci\u00f3n de la Fiscal\u00eda General del Estado y pidieron al fiscal Rub\u00e9n\nVasconcelos agilizar las investigaciones.<\/p>\n\n\n\n<p>Un mes\ndespu\u00e9s la dependencia a trav\u00e9s de la Agencia Estatal de Investigaciones detuvo\na dos presuntos responsables de los homicidios y un juez del Poder Judicial los\nvincul\u00f3 a proceso y decret\u00f3 prisi\u00f3n preventiva.<\/p>\n\n\n\n<p>Pese a lo\nanterior, las familias de las v\u00edctimas mantienen su exigencia de justicia pues\naseguran no existe acciones contundentes para castigar a los responsables de la\nmasacre de hace un a\u00f1o.<\/p>\n","protected":false},"excerpt":{"rendered":"<p>Redacci\u00f3n Oaxaca de Ju\u00e1rez, Oax., 16 de julio de 2019.- A un a\u00f1o de la&hellip;<\/p>\n","protected":false},"author":2,"featured_media":2307,"comment_status":"closed","ping_status":"open","sticky":false,"template":"","format":"standard","meta":{"_lmt_disableupdate":"","_lmt_disable":"","_jetpack_memberships_contains_paid_content":false,"footnotes":""},"categories":[109,51],"tags":[],"class_list":["post-2306","post","type-post","status-publish","format-standard","has-post-thumbnail","hentry","category-minuto-a-minuto","category-zona-roja"],"jetpack_featured_media_url":"https:\/\/zonaroja.com.mx\/wp-content\/uploads\/2019\/07\/Santa-Mar\u00eda-Ecatepec.jpg","jetpack_sharing_enabled":true,"_links":{"self":[{"href":"https:\/\/zonaroja.com.mx\/index.php?rest_route=\/wp\/v2\/posts\/2306","targetHints":{"allow":["GET"]}}],"collection":[{"href":"https:\/\/zonaroja.com.mx\/index.php?rest_route=\/wp\/v2\/posts"}],"about":[{"href":"https:\/\/zonaroja.com.mx\/index.php?rest_route=\/wp\/v2\/types\/post"}],"author":[{"embeddable":true,"href":"https:\/\/zonaroja.com.mx\/index.php?rest_route=\/wp\/v2\/users\/2"}],"replies":[{"embeddable":true,"href":"https:\/\/zonaroja.com.mx\/index.php?rest_route=%2Fwp%2Fv2%2Fcomments&post=2306"}],"version-history":[{"count":1,"href":"https:\/\/zonaroja.com.mx\/index.php?rest_route=\/wp\/v2\/posts\/2306\/revisions"}],"predecessor-version":[{"id":2308,"href":"https:\/\/zonaroja.com.mx\/index.php?rest_route=\/wp\/v2\/posts\/2306\/revisions\/2308"}],"wp:featuredmedia":[{"embeddable":true,"href":"https:\/\/zonaroja.com.mx\/index.php?rest_route=\/wp\/v2\/media\/2307"}],"wp:attachment":[{"href":"https:\/\/zonaroja.com.mx\/index.php?rest_route=%2Fwp%2Fv2%2Fmedia&parent=2306"}],"wp:term":[{"taxonomy":"category","embeddable":true,"href":"https:\/\/zonaroja.com.mx\/index.php?rest_route=%2Fwp%2Fv2%2Fcategories&post=2306"},{"taxonomy":"post_tag","embeddable":true,"href":"https:\/\/zonaroja.com.mx\/index.php?rest_route=%2Fwp%2Fv2%2Ftags&post=2306"}],"curies":[{"name":"wp","href":"https:\/\/api.w.org\/{rel}","templated":true}]}}