{"id":23063,"date":"2021-02-01T08:37:48","date_gmt":"2021-02-01T14:37:48","guid":{"rendered":"http:\/\/www.zonaroja.com.mx\/?p=23063"},"modified":"2021-02-01T08:37:51","modified_gmt":"2021-02-01T14:37:51","slug":"dejo-pandemia-en-enero-410-muertos-y-6763-positivos-pero-gobernador-dice-que-se-estabiliza","status":"publish","type":"post","link":"https:\/\/zonaroja.com.mx\/?p=23063","title":{"rendered":"Dej\u00f3 pandemia en enero 410 muertos y 6,763 positivos; pero gobernador dice que se estabiliza"},"content":{"rendered":"\n<p>Redacci\u00f3n\/Zona Roja.<\/p>\n\n\n\n<p>Oaxaca de Ju\u00e1rez, Oax., 1 de febrero de 2021.- Enero fue el mes m\u00e1s letal a causa del Covid-19 en Oaxaca; pero para el gobernador Alejandro Murat Hinojosa, la situaci\u00f3n se estabiliza y se encuentra en una \u201cmeseta\u201d.<\/p>\n\n\n\n<p>De acuerdo con datos de los Servicios de Salud de la entidad, en el primer mes del a\u00f1o se registraron 420 personas fallecidas y seis mil 763 casos positivos.<\/p>\n\n\n\n<p>De marzo, en que inici\u00f3 en Oaxaca la pandemia, hasta anoche 31 de enero, hab\u00eda un acumulado de 35 mil 79 casos positivos y dos mil 536 fallecimientos.<\/p>\n\n\n\n<p>Sin embargo, en un comunicado, \u201cel gobernador Alejandro Murat Hinojosa inform\u00f3 que Oaxaca contin\u00faa en el sem\u00e1foro epidemiol\u00f3gico color naranja, al entrar en una \u2018meseta\u2019, lo que significa la estabilizaci\u00f3n en el n\u00famero de casos que han requerido hospitalizaci\u00f3n.<\/p>\n\n\n\n<p>\u201cEsto demuestra que vamos a seguir en esta l\u00ednea de \u2018meseta\u2019 y, seguramente, de manera gradual, ir\u00e1 habiendo una reducci\u00f3n\u201d, puntualiz\u00f3.<\/p>\n\n\n\n<p>Pese a su panorama alentador, de acuerdo con el bolet\u00edn, pidi\u00f3 a las y los oaxaque\u00f1os \u201cque todos los tanques de ox\u00edgeno que se les est\u00e1n dando en comodato o se les est\u00e1n prestando, los regresen una vez desocupados, para que otras familias puedan tener acceso a \u00e9ste.<\/p>\n\n\n\n<p>\u201cSi sabes de alguien, por favor comun\u00edcate al 911 y ay\u00fadanos a que los tanques de ox\u00edgeno sean devueltos para seguir atendiendo a m\u00e1s personas que lo necesitan por su condici\u00f3n de salud\u201d, suplic\u00f3.<\/p>\n","protected":false},"excerpt":{"rendered":"<p>Redacci\u00f3n\/Zona Roja. Oaxaca de Ju\u00e1rez, Oax., 1 de febrero de 2021.- Enero fue el mes&hellip;<\/p>\n","protected":false},"author":2,"featured_media":23064,"comment_status":"closed","ping_status":"open","sticky":false,"template":"","format":"standard","meta":{"_lmt_disableupdate":"","_lmt_disable":"","_jetpack_memberships_contains_paid_content":false,"footnotes":""},"categories":[109,47],"tags":[1512],"class_list":["post-23063","post","type-post","status-publish","format-standard","has-post-thumbnail","hentry","category-minuto-a-minuto","category-zona-gris","tag-coronavirus-oaxaca"],"jetpack_featured_media_url":"https:\/\/zonaroja.com.mx\/wp-content\/uploads\/2021\/02\/Pandemia-y-gente-Oaxaca.jpg","jetpack_sharing_enabled":true,"_links":{"self":[{"href":"https:\/\/zonaroja.com.mx\/index.php?rest_route=\/wp\/v2\/posts\/23063","targetHints":{"allow":["GET"]}}],"collection":[{"href":"https:\/\/zonaroja.com.mx\/index.php?rest_route=\/wp\/v2\/posts"}],"about":[{"href":"https:\/\/zonaroja.com.mx\/index.php?rest_route=\/wp\/v2\/types\/post"}],"author":[{"embeddable":true,"href":"https:\/\/zonaroja.com.mx\/index.php?rest_route=\/wp\/v2\/users\/2"}],"replies":[{"embeddable":true,"href":"https:\/\/zonaroja.com.mx\/index.php?rest_route=%2Fwp%2Fv2%2Fcomments&post=23063"}],"version-history":[{"count":1,"href":"https:\/\/zonaroja.com.mx\/index.php?rest_route=\/wp\/v2\/posts\/23063\/revisions"}],"predecessor-version":[{"id":23065,"href":"https:\/\/zonaroja.com.mx\/index.php?rest_route=\/wp\/v2\/posts\/23063\/revisions\/23065"}],"wp:featuredmedia":[{"embeddable":true,"href":"https:\/\/zonaroja.com.mx\/index.php?rest_route=\/wp\/v2\/media\/23064"}],"wp:attachment":[{"href":"https:\/\/zonaroja.com.mx\/index.php?rest_route=%2Fwp%2Fv2%2Fmedia&parent=23063"}],"wp:term":[{"taxonomy":"category","embeddable":true,"href":"https:\/\/zonaroja.com.mx\/index.php?rest_route=%2Fwp%2Fv2%2Fcategories&post=23063"},{"taxonomy":"post_tag","embeddable":true,"href":"https:\/\/zonaroja.com.mx\/index.php?rest_route=%2Fwp%2Fv2%2Ftags&post=23063"}],"curies":[{"name":"wp","href":"https:\/\/api.w.org\/{rel}","templated":true}]}}