{"id":23067,"date":"2021-02-01T10:58:29","date_gmt":"2021-02-01T16:58:29","guid":{"rendered":"http:\/\/www.zonaroja.com.mx\/?p=23067"},"modified":"2021-02-01T10:58:32","modified_gmt":"2021-02-01T16:58:32","slug":"cuadernos-de-la-pandemia-hace-primer-corte-de-caja-celebra-rigor-periodistico","status":"publish","type":"post","link":"https:\/\/zonaroja.com.mx\/?p=23067","title":{"rendered":"\u201cCuadernos de la Pandemia\u201d hace primer corte de caja; celebra rigor period\u00edstico"},"content":{"rendered":"\n<p>Evlin Arag\u00f3n\/Zona Roja.<\/p>\n\n\n\n<p>Oaxaca de Ju\u00e1rez, Oax., 1 de febrero de 2021.- Con su emisi\u00f3n n\u00famero 19, y tras diez meses de este ejercicio period\u00edstico, \u201cCuadernos de la Pandemia\u201d hace el primer corte de caja sobre las fallidas pol\u00edticas y estrategias del gobierno de Oaxaca para enfrentar los severos da\u00f1os provocados por el Covid-19.<\/p>\n\n\n\n<p>\u201cA lo largo de diez meses esta revista digital y de circulaci\u00f3n gratuita abri\u00f3 sus p\u00e1ginas a la pluralidad y la cr\u00edtica para informar, analizar y generar propuestas orientadas a romper con la ortodoxia y la visi\u00f3n minimalista de los gobiernos federal, estatal y municipales para enfrentar la pandemia del Covid-19\u201d, expone.&nbsp;<\/p>\n\n\n\n<p>Isidoro Yescas y Claudio S\u00e1nchez, principales impulsores del proyecto, celebraron y reconocieron el rigor period\u00edstico con el que se retrat\u00f3 la realidad oaxaque\u00f1a durante estos diez meses de contingencia sanitaria que ha rebasado a las autoridades del gobierno.&nbsp;<\/p>\n\n\n\n<p>Exponen que fue solo gracias al profesionalismo y un ejercicio responsable de la cr\u00edtica que fue posible confrontar la realidad con los discursos, pol\u00edticas p\u00fablicas y yerros gubernamentales que no han sido suficiente ante la magnitud de la pandemia.&nbsp;<\/p>\n\n\n\n<p>A diferencia del gobierno, fueron los gremios: period\u00edstico, acad\u00e9mico y de la sociedad civil, quienes lograron la sinergia necesaria para presentar art\u00edculos de fondo, cr\u00f3nicas, testimonios, ensayos y poemas que dieron cuenta oportuna y rigurosa del letal paso de la Covid-19 por toda la entidad.&nbsp;<\/p>\n\n\n\n<p>\u201cEn el punto m\u00e1s \u00e1lgido de la pandemia, factores ajenos a nuestra voluntad nos obligan a dar un paso atr\u00e1s, pero, estamos seguros, ser\u00e1 para tomar aliento, hacer un corte de caja de diez meses pand\u00e9micos con la edici\u00f3n de un libro y, de ser posible, inaugurar una segunda \u00e9poca de \u2018Cuadernos de la Pandemia\u2019\u201d, refiere Isidoro Yescas.<\/p>\n\n\n\n<p>Mientras que Claudio S\u00e1nchez asegur\u00f3 que la tarea period\u00edstica continua por otros medios, ya que el rigor para retratar la realidad, a pesar de la desinformaci\u00f3n generada por las propias autoridades, forma parte de la guerra contra el coronavirus.&nbsp;<\/p>\n\n\n\n<p>En esta \u00faltima emisi\u00f3n, los art\u00edculos han sido titulados: \u201cMalas cuentas de malos gobiernos\u201d; \u201cCronolog\u00eda: diez meses de pandemia u cero en educaci\u00f3n\u201d; \u201cCorte de caja: educaci\u00f3n escolar en pandemia\u201d; \u201cCristal, otra pandemia letal\u201d; \u201cGobierno digital vs. Gobierno presencial: de San Jacinto Amilpas a la ciudad de Oaxaca\u201d.&nbsp;<\/p>\n\n\n\n<p>As\u00ed mismo, \u201cPost-pandemia: retos y opciones de desarrollo regional\u201d; \u201cLecciones en tiempos de Coronavirus\u201d; \u201cMujeres sanadora, hero\u00ednas en los pueblos ind\u00edgenas\u201d; \u201cUn renovador de la catequesis en Oaxaca\u201d; \u201cLos atardeceres de la pandemia y el ensayo fotogr\u00e1fico\u201d.&nbsp;<\/p>\n\n\n\n<p>Las plumas participantes en el cierre de esta primera parte del proyecto son de Isidoro Yescas, Claudio S\u00e1nchez, Joel Vicente Cort\u00e9s, Samael Hern\u00e1ndez Ruiz, Flavio Sosa, Lupita Thomas, Carlos Sorroza Polo, Cipriano Miraflores, Guadalupe R\u00edos, y Octavio V\u00e9lez Ascencio.\u00a0<\/p>\n\n\n\n<p>Aqu\u00ed puede leer la edici\u00f3n completa:<\/p>\n\n\n\n<figure class=\"wp-block-embed\"><div class=\"wp-block-embed__wrapper\">\nhttps:\/\/indd.adobe.com\/view\/e6c410b3-3c9d-4bfb-abb3-78c407376b1e\n<\/div><\/figure>\n","protected":false},"excerpt":{"rendered":"<p>Evlin Arag\u00f3n\/Zona Roja. Oaxaca de Ju\u00e1rez, Oax., 1 de febrero de 2021.- Con su emisi\u00f3n&hellip;<\/p>\n","protected":false},"author":2,"featured_media":23068,"comment_status":"closed","ping_status":"open","sticky":false,"template":"","format":"standard","meta":{"_lmt_disableupdate":"","_lmt_disable":"","_jetpack_memberships_contains_paid_content":false,"footnotes":""},"categories":[109,46],"tags":[1655],"class_list":["post-23067","post","type-post","status-publish","format-standard","has-post-thumbnail","hentry","category-minuto-a-minuto","category-zona-blanca","tag-cuadernos-de-la-pandemia"],"jetpack_featured_media_url":"https:\/\/zonaroja.com.mx\/wp-content\/uploads\/2021\/02\/Cuadernos-de-la-pandemia-19.jpg","jetpack_sharing_enabled":true,"_links":{"self":[{"href":"https:\/\/zonaroja.com.mx\/index.php?rest_route=\/wp\/v2\/posts\/23067","targetHints":{"allow":["GET"]}}],"collection":[{"href":"https:\/\/zonaroja.com.mx\/index.php?rest_route=\/wp\/v2\/posts"}],"about":[{"href":"https:\/\/zonaroja.com.mx\/index.php?rest_route=\/wp\/v2\/types\/post"}],"author":[{"embeddable":true,"href":"https:\/\/zonaroja.com.mx\/index.php?rest_route=\/wp\/v2\/users\/2"}],"replies":[{"embeddable":true,"href":"https:\/\/zonaroja.com.mx\/index.php?rest_route=%2Fwp%2Fv2%2Fcomments&post=23067"}],"version-history":[{"count":1,"href":"https:\/\/zonaroja.com.mx\/index.php?rest_route=\/wp\/v2\/posts\/23067\/revisions"}],"predecessor-version":[{"id":23069,"href":"https:\/\/zonaroja.com.mx\/index.php?rest_route=\/wp\/v2\/posts\/23067\/revisions\/23069"}],"wp:featuredmedia":[{"embeddable":true,"href":"https:\/\/zonaroja.com.mx\/index.php?rest_route=\/wp\/v2\/media\/23068"}],"wp:attachment":[{"href":"https:\/\/zonaroja.com.mx\/index.php?rest_route=%2Fwp%2Fv2%2Fmedia&parent=23067"}],"wp:term":[{"taxonomy":"category","embeddable":true,"href":"https:\/\/zonaroja.com.mx\/index.php?rest_route=%2Fwp%2Fv2%2Fcategories&post=23067"},{"taxonomy":"post_tag","embeddable":true,"href":"https:\/\/zonaroja.com.mx\/index.php?rest_route=%2Fwp%2Fv2%2Ftags&post=23067"}],"curies":[{"name":"wp","href":"https:\/\/api.w.org\/{rel}","templated":true}]}}