{"id":23070,"date":"2021-02-01T11:38:40","date_gmt":"2021-02-01T17:38:40","guid":{"rendered":"http:\/\/www.zonaroja.com.mx\/?p=23070"},"modified":"2021-02-01T11:38:43","modified_gmt":"2021-02-01T17:38:43","slug":"mientras-casos-de-covid-19-aumentan-festividades-y-reuniones-masivas-siguen","status":"publish","type":"post","link":"https:\/\/zonaroja.com.mx\/?p=23070","title":{"rendered":"Mientras casos de Covid-19 aumentan, festividades y reuniones masivas siguen"},"content":{"rendered":"\n<p>Evlin Arag\u00f3n\/Zona Roja.<\/p>\n\n\n\n<p>Oaxaca de Ju\u00e1rez, Oax., 1 de febrero de 2021.- Pese a que enero dej\u00f3 a su paso m\u00e1s de 400 fallecimientos por Covid-19, las reuniones, fiestas y eventos masivos han estado m\u00e1s activos, ante la falta de autoridad y la inconciencia de la poblaci\u00f3n que ha diez meses de la pandemia sigue dudando de su existencia.&nbsp;&nbsp;<\/p>\n\n\n\n<p>Tal es el caso de la poblaci\u00f3n de San Pedro y San Pablo Ayutla que, aunque su autoridad ha implementado el cierre de la localidad para impedir mayor riesgo de contagio, la iglesia mantiene sus actividades, muchas de las cuales re\u00fanen a un importante n\u00famero de personas.&nbsp;&nbsp;<\/p>\n\n\n\n<p>As\u00ed lo denunciaron pobladores, quienes expusieron que, en la Catedral de Ayutla Mixe, se han realizado desde ordenaciones sacerdotales, bodas y XV a\u00f1os con gente de diversas zonas del estado que arriban a la comunidad, a pesar de significar un riesgo alto de contagio.<\/p>\n\n\n\n<p>Explicaron que Salvador Cleofas Murgu\u00eda y el p\u00e1rroco Marcos Escobedo, son los responsables de la iglesia y quienes sin importar la situaci\u00f3n que se vive en la actualidad, mantienen las celebraciones eucar\u00edsticas, ello pese a que la autoridad ha suspendido sus fiestas patronales y eventos importantes.\u00a0<\/p>\n\n\n\n<figure class=\"wp-block-image size-large\"><img decoding=\"async\" width=\"540\" height=\"575\" src=\"http:\/\/www.zonaroja.com.mx\/wp-content\/uploads\/2021\/02\/Ayutla-Mixe.jpg\" alt=\"\" class=\"wp-image-23072\" srcset=\"https:\/\/zonaroja.com.mx\/wp-content\/uploads\/2021\/02\/Ayutla-Mixe.jpg 540w, https:\/\/zonaroja.com.mx\/wp-content\/uploads\/2021\/02\/Ayutla-Mixe-282x300.jpg 282w\" sizes=\"(max-width: 540px) 100vw, 540px\" \/><\/figure>\n\n\n\n<p>ACTOS POL\u00cdTICOS<\/p>\n\n\n\n<p>A las celebraciones religiosas se suman los actos pol\u00edticos, en medio de un proceso electoral in\u00e9dito, tal es el caso de la reciente gira que, este fin de semana, realizaron el diputado federal Benjam\u00edn Robles Montoya y su hom\u00f3logo Gerardo Fern\u00e1ndez Noro\u00f1a.<\/p>\n\n\n\n<p>Ambos personajes hicieron presencia en los municipios de Santiago Yaveo, San Juan Mazatl\u00e1n, Mat\u00edas Romero Avenda\u00f1o, Santo Domingo Ingenio, Santiago Niltepec, Santo Domigno Zanatepec y Chauites, en donde llevaron a cabo actividades p\u00fablicas que concentraron diversos grupos de personas.&nbsp;<\/p>\n\n\n\n<p>De forma particular, se difundi\u00f3 en redes sociales un video donde se ve el arrib\u00f3 de ambos personajes al municipio de Mat\u00edas Romero Avenda\u00f1o, donde fueron recibidos con banda de m\u00fasica y se reunieron cientos de personas, algunas sin cubrebocas como el propio Fern\u00e1ndez Noro\u00f1a, que al igual que el presidente d la Rep\u00fablica, Andr\u00e9s Manuel L\u00f3pez Obrador se ha negado a utilizarlo.\u00a0<\/p>\n\n\n\n<figure class=\"wp-block-embed-twitter wp-block-embed is-type-rich is-provider-twitter\"><div class=\"wp-block-embed__wrapper\">\n<div class=\"twitter-tweet\"><blockquote class=\"twitter-tweet\" data-lang=\"es\"><p lang=\"es\" dir=\"ltr\">\u00bfPandemia en <a href=\"https:\/\/twitter.com\/hashtag\/Oaxaca?src=hash&amp;ref_src=twsrc%5Etfw\">#Oaxaca<\/a>? <br>Para el Partido del Trabajo no hay; el fin de semana Gerardo Fern\u00e1ndez Noro\u00f1a y Benjam\u00edn Robles Montoya recorrieron municipios con bandas de m\u00fasica y cientos de personas&#8230; muchas sin cubreboca. <br>Estas son im\u00e1genes del acto en Mat\u00edas Romero: <a href=\"https:\/\/t.co\/blybaHwjzX\">pic.twitter.com\/blybaHwjzX<\/a><\/p>&mdash; Zona Roja Oaxaca (@MexRoja) <a href=\"https:\/\/twitter.com\/MexRoja\/status\/1356247504824709124?ref_src=twsrc%5Etfw\">1 de febrero de 2021<\/a><\/blockquote><\/div>\n<\/div><\/figure>\n\n\n\n<p>M\u00c1S FIESTAS<\/p>\n\n\n\n<p>A la falta de cuidado por parte de la iglesia y los personajes pol\u00edticos, se suma a la inconciencia de la ciudadan\u00eda que pese a los constantes llamados mantiene activas sus reuniones y fiestas masivas, algunas de las cuales han tenido que ser canceladas por la autoridad. &nbsp;<\/p>\n\n\n\n<p>A trav\u00e9s de las redes sociales se dio a conocer la cancelaci\u00f3n de festividades en Puerto Escondido y en la regi\u00f3n del Istmo de Tehuantepec, donde se pretend\u00edan realizar actividades masivas que han sido prohibidas por las autoridades.&nbsp;<\/p>\n\n\n\n<p>El pasado 10 de enero, en la capital, inspectores de Regulaci\u00f3n de la Actividad Empresarial, con apoyo de la Direcci\u00f3n de Seguridad P\u00fablica, Vialidad y Protecci\u00f3n Ciudadana del municipio de Oaxaca de Ju\u00e1rez suspendieron la celebraci\u00f3n de una fiesta de XV a\u00f1os que pretend\u00eda realizarse en un sal\u00f3n de eventos ubicado en la capital.<\/p>\n\n\n\n<p>La pandemia tampoco ha impedido la concentraci\u00f3n de pobladores para manifestarse, prueba de ello lo recientemente sucedido en Sola de Vega, donde buena parte del pueblo se uni\u00f3 en primera cuenta para bloquear el acceso carretero y posteriormente en una turba en la que estuvieron a punto de linchar al edil Esa\u00fa N\u00fa\u00f1ez Calvo a quien acusaron de corrupto y renunci\u00f3 ante los hechos violentos en su contra.<\/p>\n\n\n\n<p>De acuerdo con los Servicios de Salud de Oaxaca (SSO) la cifra acumulada de defunciones en Oaxaca es de dos mil 536 personas; mientras que los contagios ascienden a 35 mil 079, en lo que va de la pandemia.&nbsp;<\/p>\n","protected":false},"excerpt":{"rendered":"<p>Evlin Arag\u00f3n\/Zona Roja. Oaxaca de Ju\u00e1rez, Oax., 1 de febrero de 2021.- Pese a que&hellip;<\/p>\n","protected":false},"author":2,"featured_media":23071,"comment_status":"closed","ping_status":"open","sticky":false,"template":"","format":"standard","meta":{"_lmt_disableupdate":"","_lmt_disable":"","_jetpack_memberships_contains_paid_content":false,"footnotes":""},"categories":[109,47],"tags":[1512],"class_list":["post-23070","post","type-post","status-publish","format-standard","has-post-thumbnail","hentry","category-minuto-a-minuto","category-zona-gris","tag-coronavirus-oaxaca"],"jetpack_featured_media_url":"https:\/\/zonaroja.com.mx\/wp-content\/uploads\/2021\/02\/PT-reuniones-pandemia.jpg","jetpack_sharing_enabled":true,"_links":{"self":[{"href":"https:\/\/zonaroja.com.mx\/index.php?rest_route=\/wp\/v2\/posts\/23070","targetHints":{"allow":["GET"]}}],"collection":[{"href":"https:\/\/zonaroja.com.mx\/index.php?rest_route=\/wp\/v2\/posts"}],"about":[{"href":"https:\/\/zonaroja.com.mx\/index.php?rest_route=\/wp\/v2\/types\/post"}],"author":[{"embeddable":true,"href":"https:\/\/zonaroja.com.mx\/index.php?rest_route=\/wp\/v2\/users\/2"}],"replies":[{"embeddable":true,"href":"https:\/\/zonaroja.com.mx\/index.php?rest_route=%2Fwp%2Fv2%2Fcomments&post=23070"}],"version-history":[{"count":1,"href":"https:\/\/zonaroja.com.mx\/index.php?rest_route=\/wp\/v2\/posts\/23070\/revisions"}],"predecessor-version":[{"id":23073,"href":"https:\/\/zonaroja.com.mx\/index.php?rest_route=\/wp\/v2\/posts\/23070\/revisions\/23073"}],"wp:featuredmedia":[{"embeddable":true,"href":"https:\/\/zonaroja.com.mx\/index.php?rest_route=\/wp\/v2\/media\/23071"}],"wp:attachment":[{"href":"https:\/\/zonaroja.com.mx\/index.php?rest_route=%2Fwp%2Fv2%2Fmedia&parent=23070"}],"wp:term":[{"taxonomy":"category","embeddable":true,"href":"https:\/\/zonaroja.com.mx\/index.php?rest_route=%2Fwp%2Fv2%2Fcategories&post=23070"},{"taxonomy":"post_tag","embeddable":true,"href":"https:\/\/zonaroja.com.mx\/index.php?rest_route=%2Fwp%2Fv2%2Ftags&post=23070"}],"curies":[{"name":"wp","href":"https:\/\/api.w.org\/{rel}","templated":true}]}}