{"id":23075,"date":"2021-02-01T16:29:17","date_gmt":"2021-02-01T22:29:17","guid":{"rendered":"http:\/\/www.zonaroja.com.mx\/?p=23075"},"modified":"2021-02-01T16:29:22","modified_gmt":"2021-02-01T22:29:22","slug":"siguen-encarcelados-tres-funcionarios-de-ayotzintepec-edil-victor-mendoza-huyo","status":"publish","type":"post","link":"https:\/\/zonaroja.com.mx\/?p=23075","title":{"rendered":"Siguen encarcelados tres funcionarios de Ayotzintepec; edil V\u00edctor Mendoza huy\u00f3"},"content":{"rendered":"\n<p>Yuridiana Sosa\/Zona Roja.<\/p>\n\n\n\n<p>San Juan Bautista Tuxtepec, Oax., 1 de febrero de 2021.- Por la inconformidad en una obra p\u00fablica que no fue consultada, en el municipio de Ayotzintepec, un grupo de habitantes encarcel\u00f3 a tres funcionarios, dos son mujeres, para exigir rendici\u00f3n de cuentas al presidente municipal, V\u00edctor Mendoza Velasco, quien ante los hechos huy\u00f3 de la comunidad.<\/p>\n\n\n\n<p>El coordinador regional de la Secretar\u00eda General de Gobierno (Segego) en la regi\u00f3n de la Cuenca, V\u00edctor Virgen, confirm\u00f3 que el edil no ha sido localizado desde este domingo, cuando se registr\u00f3 la retenci\u00f3n de los funcionarios cerca de las 18:00 horas y quienes hasta este lunes permanecen en la c\u00e1rcel municipal.<\/p>\n\n\n\n<p>Los funcionarios privados de su libertad son, la s\u00edndica \u00danica Municipal, Ana Cruz Pacheco; Martha Mar\u00eda L\u00f3pez Angulo, regidora de salud, y Crist\u00f3bal Castro \u00c1vila, regidor de Obras.<\/p>\n\n\n\n<p>V\u00edctor Virgen detall\u00f3 que el movimiento contra las autoridades municipales es por parte de un Comit\u00e9 Ciudadano para auditar al Cabildo municipal, que encabezan Jos\u00e9 Mar\u00eda Luna Salas y Emorio Mar\u00edn Angulo, quienes exigen rendici\u00f3n de cuentas de Mendoza Velasco por posible malversaci\u00f3n de los recursos del Ramo 33, Fondo Cuatro y Ramo 28.<\/p>\n\n\n\n<p>La inconformidad de este domingo deriv\u00f3 de la ejecuci\u00f3n de una obra de rehabilitaci\u00f3n de calles del centro de Ayotzintepec, donde notaron que dos m\u00e1quinas comenzaron con los trabajos, pero no fueron consultados, ni convocados a una reuni\u00f3n informativa, por lo que se\u00f1alaron una decisi\u00f3n unilateral del edil emanado del Partido Unidad Popular (PUP).<\/p>\n\n\n\n<p>La Coordinaci\u00f3n de la Segego ha tratado de mediar el conflicto para que de forma inmediata liberen a las dos mujeres, quienes no tendr\u00edan nada que ver con la obra.<\/p>\n\n\n\n<p>Pero, adem\u00e1s, explic\u00f3, ellas forman parte del grupo disidente del edil, a quienes incluso V\u00edctor Mendoza debe el pago de cinco meses de sus dietas, as\u00ed como al regidor de Hacienda y trabajadores que se quedaron en labores en Palacio Municipal, pues el edil despacha desde una sede alterna ante la divisi\u00f3n del cabildo y distintos conflictos con la comunidad.<\/p>\n\n\n\n<p>La Segego en la Cuenca ha propuesta a los inconformes una mesa de di\u00e1logo en la sede de la coordinaci\u00f3n regional Tuxtepec, as\u00ed como las posibilidades de una mesa de trabajo ante en Ciudad Administrativa, en Valles Centrales, pero hasta el momento se han negado, pues lo que demandan es la presencia del edil.<\/p>\n","protected":false},"excerpt":{"rendered":"<p>Yuridiana Sosa\/Zona Roja. San Juan Bautista Tuxtepec, Oax., 1 de febrero de 2021.- Por la&hellip;<\/p>\n","protected":false},"author":2,"featured_media":23076,"comment_status":"closed","ping_status":"open","sticky":false,"template":"","format":"standard","meta":{"_lmt_disableupdate":"","_lmt_disable":"","_jetpack_memberships_contains_paid_content":false,"footnotes":""},"categories":[109,47],"tags":[1301],"class_list":["post-23075","post","type-post","status-publish","format-standard","has-post-thumbnail","hentry","category-minuto-a-minuto","category-zona-gris","tag-ayotzintepec"],"jetpack_featured_media_url":"https:\/\/zonaroja.com.mx\/wp-content\/uploads\/2021\/02\/Ayotzintepec.jpg","jetpack_sharing_enabled":true,"_links":{"self":[{"href":"https:\/\/zonaroja.com.mx\/index.php?rest_route=\/wp\/v2\/posts\/23075","targetHints":{"allow":["GET"]}}],"collection":[{"href":"https:\/\/zonaroja.com.mx\/index.php?rest_route=\/wp\/v2\/posts"}],"about":[{"href":"https:\/\/zonaroja.com.mx\/index.php?rest_route=\/wp\/v2\/types\/post"}],"author":[{"embeddable":true,"href":"https:\/\/zonaroja.com.mx\/index.php?rest_route=\/wp\/v2\/users\/2"}],"replies":[{"embeddable":true,"href":"https:\/\/zonaroja.com.mx\/index.php?rest_route=%2Fwp%2Fv2%2Fcomments&post=23075"}],"version-history":[{"count":1,"href":"https:\/\/zonaroja.com.mx\/index.php?rest_route=\/wp\/v2\/posts\/23075\/revisions"}],"predecessor-version":[{"id":23077,"href":"https:\/\/zonaroja.com.mx\/index.php?rest_route=\/wp\/v2\/posts\/23075\/revisions\/23077"}],"wp:featuredmedia":[{"embeddable":true,"href":"https:\/\/zonaroja.com.mx\/index.php?rest_route=\/wp\/v2\/media\/23076"}],"wp:attachment":[{"href":"https:\/\/zonaroja.com.mx\/index.php?rest_route=%2Fwp%2Fv2%2Fmedia&parent=23075"}],"wp:term":[{"taxonomy":"category","embeddable":true,"href":"https:\/\/zonaroja.com.mx\/index.php?rest_route=%2Fwp%2Fv2%2Fcategories&post=23075"},{"taxonomy":"post_tag","embeddable":true,"href":"https:\/\/zonaroja.com.mx\/index.php?rest_route=%2Fwp%2Fv2%2Ftags&post=23075"}],"curies":[{"name":"wp","href":"https:\/\/api.w.org\/{rel}","templated":true}]}}