{"id":23078,"date":"2021-02-01T16:59:58","date_gmt":"2021-02-01T22:59:58","guid":{"rendered":"http:\/\/www.zonaroja.com.mx\/?p=23078"},"modified":"2021-02-01T17:00:02","modified_gmt":"2021-02-01T23:00:02","slug":"policias-de-xoxocotlan-balean-y-golpean-a-jovenes-familiares-exigen-justicia","status":"publish","type":"post","link":"https:\/\/zonaroja.com.mx\/?p=23078","title":{"rendered":"Polic\u00edas de Xoxocotl\u00e1n balean y golpean a j\u00f3venes; familiares exigen justicia"},"content":{"rendered":"\n<p>Yuridiana Sosa\/Zona Roja.<\/p>\n\n\n\n<p>Oaxaca de Ju\u00e1rez, Oax., 1 de febrero de 2021.-&nbsp; Elementos de la Polic\u00eda Municipal de Santa Cruz Xoxocotl\u00e1n, al mando de Edy Caballero, atacaron con disparos de armas de fuego y posteriormente a golpes a un grupo de j\u00f3venes, por supuestamente no hacer el alta en uno de los filtros del operativo, la madrugada del 31 de enero.<\/p>\n\n\n\n<p>El hecho fue denunciado por familiares y los agredidos; uno de ellos result\u00f3 con severas heridas, entre las que se destaca perforaci\u00f3n de un pulm\u00f3n por un disparo de arma de fuego, intestino grueso e h\u00edgado tambi\u00e9n afectados, lo que pone en riesgo la vida del estudiante.<\/p>\n\n\n\n<p>De acuerdo con la versi\u00f3n de los afectados, la agresi\u00f3n se registr\u00f3 cerca de la 01:00 horas del domingo 31 de enero, sobre la carretera que conduce a Zaachila, en inmediaciones de la colonia La Paz de Santa Cruz Xoxocotl\u00e1n, conurbado a la capital.<\/p>\n\n\n\n<p>Los elementos abrieron fuego contra el veh\u00edculo modelo Tida cuando \u00e9ste supuestamente no obedeci\u00f3 al alto del filtro. Por varios metros se registr\u00f3 una persecuci\u00f3n que finaliz\u00f3, ante la gravedad de salud de los ocupantes, quienes fueron bajados por la fuerza por lo polic\u00edas para ser golpeados con brutalidad.<\/p>\n\n\n\n<p>Quienes se identificaron como estudiantes y vecinos de Xoxocotl\u00e1n fueron detenidos y enviados Ciudad Judicial pese a sus estados de salud.<\/p>\n\n\n\n<p>Entre los elementos identificados que participaron en la agresi\u00f3n se encuentra al comandante conocido como \u201cFlecha\u201d y \u201cGuerrero\u201d, quienes ser\u00edan detenidos por la Polic\u00eda Estatal y la Agencia Estatal de Investigaciones, pero que fue evitada a intervenci\u00f3n del edil, Alejandro L\u00f3pez Jarqu\u00edn y el director de Seguridad P\u00fablica, Edy Caballero, quien promociona su imagen en espectaculares en busca de un cargo.<\/p>\n\n\n\n<p>Este d\u00eda, los familiares acudieron a la sede de la Fiscal\u00eda General del Estado en Ciudad Judicial, San Bartolo Coyotepec, donde exigen justicia y castigo ejemplar en contra de los agresores.<\/p>\n\n\n\n<p>SE INVESTIGA HECHO<\/p>\n\n\n\n<p>Por el hecho, el ayuntamiento municipal de Santa Cruz Xoxocotl\u00e1n emiti\u00f3 un comunicado en el que reconoce la agresi\u00f3n y asegur\u00f3 que se inici\u00f3 la investigaci\u00f3n ante la Fiscal\u00eda General del Estado con n\u00famero de carpeta 3360\/FVCE\/Oaxaca\/2021.<\/p>\n\n\n\n<p>As\u00ed tambi\u00e9n detall\u00f3 que siete elementos de la Polic\u00eda Municipal y ocho de la Polic\u00eda Estatal se rinden su declaraci\u00f3n sobre la situaci\u00f3n. Adem\u00e1s, se aseguraron cuatro armas de fuego y vestimenta.<\/p>\n\n\n\n<p>El gobierno municipal dijo que adem\u00e1s se realizan los peritajes correspondientes de bal\u00edstica y qu\u00edmica de rodizonato de sodio.<\/p>\n","protected":false},"excerpt":{"rendered":"<p>Yuridiana Sosa\/Zona Roja. Oaxaca de Ju\u00e1rez, Oax., 1 de febrero de 2021.-&nbsp; Elementos de la&hellip;<\/p>\n","protected":false},"author":2,"featured_media":23079,"comment_status":"closed","ping_status":"open","sticky":false,"template":"","format":"standard","meta":{"_lmt_disableupdate":"","_lmt_disable":"","_jetpack_memberships_contains_paid_content":false,"footnotes":""},"categories":[109,47],"tags":[133],"class_list":["post-23078","post","type-post","status-publish","format-standard","has-post-thumbnail","hentry","category-minuto-a-minuto","category-zona-gris","tag-santa-cruz-xoxocotlan"],"jetpack_featured_media_url":"https:\/\/zonaroja.com.mx\/wp-content\/uploads\/2021\/02\/Baleados-Xoxocotlan.jpg","jetpack_sharing_enabled":true,"_links":{"self":[{"href":"https:\/\/zonaroja.com.mx\/index.php?rest_route=\/wp\/v2\/posts\/23078","targetHints":{"allow":["GET"]}}],"collection":[{"href":"https:\/\/zonaroja.com.mx\/index.php?rest_route=\/wp\/v2\/posts"}],"about":[{"href":"https:\/\/zonaroja.com.mx\/index.php?rest_route=\/wp\/v2\/types\/post"}],"author":[{"embeddable":true,"href":"https:\/\/zonaroja.com.mx\/index.php?rest_route=\/wp\/v2\/users\/2"}],"replies":[{"embeddable":true,"href":"https:\/\/zonaroja.com.mx\/index.php?rest_route=%2Fwp%2Fv2%2Fcomments&post=23078"}],"version-history":[{"count":1,"href":"https:\/\/zonaroja.com.mx\/index.php?rest_route=\/wp\/v2\/posts\/23078\/revisions"}],"predecessor-version":[{"id":23080,"href":"https:\/\/zonaroja.com.mx\/index.php?rest_route=\/wp\/v2\/posts\/23078\/revisions\/23080"}],"wp:featuredmedia":[{"embeddable":true,"href":"https:\/\/zonaroja.com.mx\/index.php?rest_route=\/wp\/v2\/media\/23079"}],"wp:attachment":[{"href":"https:\/\/zonaroja.com.mx\/index.php?rest_route=%2Fwp%2Fv2%2Fmedia&parent=23078"}],"wp:term":[{"taxonomy":"category","embeddable":true,"href":"https:\/\/zonaroja.com.mx\/index.php?rest_route=%2Fwp%2Fv2%2Fcategories&post=23078"},{"taxonomy":"post_tag","embeddable":true,"href":"https:\/\/zonaroja.com.mx\/index.php?rest_route=%2Fwp%2Fv2%2Ftags&post=23078"}],"curies":[{"name":"wp","href":"https:\/\/api.w.org\/{rel}","templated":true}]}}