{"id":23081,"date":"2021-02-01T17:06:40","date_gmt":"2021-02-01T23:06:40","guid":{"rendered":"http:\/\/www.zonaroja.com.mx\/?p=23081"},"modified":"2021-02-01T17:06:43","modified_gmt":"2021-02-01T23:06:43","slug":"cese-a-violacion-de-derechos-humanos-en-oaxaca-pide-diputada","status":"publish","type":"post","link":"https:\/\/zonaroja.com.mx\/?p=23081","title":{"rendered":"Cese a violaci\u00f3n de derechos humanos en Oaxaca, pide diputada"},"content":{"rendered":"\n<p>Redacci\u00f3n\/Zona Roja.<\/p>\n\n\n\n<p>Oaxaca de Ju\u00e1rez, Oax., 1 de febrero de 2021.- En el Congreso del Estado de Oaxaca, la diputada Magaly L\u00f3pez Dom\u00ednguez, integrante del Grupo Parlamentario de Morena, realiz\u00f3 una propuesta para evitar la continuidad de las violaciones en materia de derechos humanos a la ciudadan\u00eda oaxaque\u00f1a.<\/p>\n\n\n\n<p>La iniciativa consiste en anexar un cap\u00edtulo nuevo a Ley de la Defensor\u00eda de los Derechos Humanos del Pueblo de Oaxaca, para establecer que la defensor\u00eda, defensor, Coordinador General de Defensor\u00edas o defensores especializados, tienen la facultad de solicitar a las autoridades competentes la adopci\u00f3n de medidas a fin de evitar la violaci\u00f3n de derechos humanos relacionadas o no con investigaciones en curso.<\/p>\n\n\n\n<p>Adem\u00e1s, establece la obligaci\u00f3n de las autoridades en responder sobre la aceptaci\u00f3n o no de las medidas en un plazo no mayor a 24 horas.<\/p>\n\n\n\n<p>En caso de que la autoridad rechace la solicitud de medida cautelar, la Defensor\u00eda podr\u00e1 iniciar de oficio un expediente de queja, y en su caso dar parte al Ministerio P\u00fablico para iniciar averiguaciones por abuso de autoridad<\/p>\n\n\n\n<p>Con las medidas cautelares se podr\u00e1n proteger a las personas o grupos de personas de pueblos, comunidades u\/o organizaciones, de posibles violaciones de sus derechos.<\/p>\n\n\n\n<p>La iniciativa fue promovida por la legisladora Magaly L\u00f3pez Dom\u00ednguez del partido de morena, de aprobarse la reforma se dar\u00eda un gran paso en la lucha para la protecci\u00f3n de los derechos de los y las oaxaque\u00f1as.<\/p>\n","protected":false},"excerpt":{"rendered":"<p>Redacci\u00f3n\/Zona Roja. Oaxaca de Ju\u00e1rez, Oax., 1 de febrero de 2021.- En el Congreso del&hellip;<\/p>\n","protected":false},"author":2,"featured_media":23082,"comment_status":"closed","ping_status":"open","sticky":false,"template":"","format":"standard","meta":{"_lmt_disableupdate":"","_lmt_disable":"","_jetpack_memberships_contains_paid_content":false,"footnotes":""},"categories":[109,46],"tags":[192],"class_list":["post-23081","post","type-post","status-publish","format-standard","has-post-thumbnail","hentry","category-minuto-a-minuto","category-zona-blanca","tag-diputada-magaly-lopez-dominguez"],"jetpack_featured_media_url":"https:\/\/zonaroja.com.mx\/wp-content\/uploads\/2021\/02\/Magaly-Lopez-D.jpg","jetpack_sharing_enabled":true,"_links":{"self":[{"href":"https:\/\/zonaroja.com.mx\/index.php?rest_route=\/wp\/v2\/posts\/23081","targetHints":{"allow":["GET"]}}],"collection":[{"href":"https:\/\/zonaroja.com.mx\/index.php?rest_route=\/wp\/v2\/posts"}],"about":[{"href":"https:\/\/zonaroja.com.mx\/index.php?rest_route=\/wp\/v2\/types\/post"}],"author":[{"embeddable":true,"href":"https:\/\/zonaroja.com.mx\/index.php?rest_route=\/wp\/v2\/users\/2"}],"replies":[{"embeddable":true,"href":"https:\/\/zonaroja.com.mx\/index.php?rest_route=%2Fwp%2Fv2%2Fcomments&post=23081"}],"version-history":[{"count":1,"href":"https:\/\/zonaroja.com.mx\/index.php?rest_route=\/wp\/v2\/posts\/23081\/revisions"}],"predecessor-version":[{"id":23083,"href":"https:\/\/zonaroja.com.mx\/index.php?rest_route=\/wp\/v2\/posts\/23081\/revisions\/23083"}],"wp:featuredmedia":[{"embeddable":true,"href":"https:\/\/zonaroja.com.mx\/index.php?rest_route=\/wp\/v2\/media\/23082"}],"wp:attachment":[{"href":"https:\/\/zonaroja.com.mx\/index.php?rest_route=%2Fwp%2Fv2%2Fmedia&parent=23081"}],"wp:term":[{"taxonomy":"category","embeddable":true,"href":"https:\/\/zonaroja.com.mx\/index.php?rest_route=%2Fwp%2Fv2%2Fcategories&post=23081"},{"taxonomy":"post_tag","embeddable":true,"href":"https:\/\/zonaroja.com.mx\/index.php?rest_route=%2Fwp%2Fv2%2Ftags&post=23081"}],"curies":[{"name":"wp","href":"https:\/\/api.w.org\/{rel}","templated":true}]}}