{"id":23084,"date":"2021-02-01T20:25:28","date_gmt":"2021-02-02T02:25:28","guid":{"rendered":"http:\/\/www.zonaroja.com.mx\/?p=23084"},"modified":"2021-02-01T20:25:32","modified_gmt":"2021-02-02T02:25:32","slug":"se-niega-gobierno-de-oaxaca-a-dar-atencion-a-familias-desplazadas-de-huazantlan","status":"publish","type":"post","link":"https:\/\/zonaroja.com.mx\/?p=23084","title":{"rendered":"Se niega gobierno de Oaxaca a dar atenci\u00f3n a familias desplazadas de Huazantl\u00e1n"},"content":{"rendered":"\n<p>Evlin Arag\u00f3n\/Zona Roja.<\/p>\n\n\n\n<p>Oaxaca de Ju\u00e1rez, Oax., 1 de febrero de 2021.- Ni una sola respuesta. Un enorme silencio es lo \u00fanico que existe por parte del gobierno de Oaxaca, encabezado por Alejandro Murat Hinojosa, con respecto a la masacre que se registr\u00f3 en junio del 2020 en Huazantl\u00e1n del R\u00edo, poblaci\u00f3n perteneciente al municipio de San Mateo del Mar.<\/p>\n\n\n\n<p>La exigencia de justicia por parte de las y los deudos, as\u00ed como la petici\u00f3n para volver a la localidad, de las 31 personas desplazadas que desde diciembre pasado se instalaron en el z\u00f3calo de la ciudad, no ha sido escuchada por ninguna autoridad.\u00a0<\/p>\n\n\n\n<p>As\u00ed lo dieron a conocer de nueva cuenta en conferencia de prensa, donde denunciaron que no hay ning\u00fan tipo de avance para la detenci\u00f3n de los autores materiales e intelectuales de la masacre, pese a que han sido plenamente identificados por la poblaci\u00f3n.&nbsp;<\/p>\n\n\n\n<p>\u201cDesde el 21 de diciembre que nos presentamos e instalamos este plant\u00f3n hasta ahorita que estamos en primero de febrero, no hay nada de respuesta\u201d, dijo Alejandrino Abasolo Morales, representante del Comit\u00e9 de V\u00edctimas del 21 de Junio en Huazantl\u00e1n del R\u00edo.<\/p>\n\n\n\n<p>De manera breve, detall\u00f3 que son 31 personas desplazadas las que se encuentran desde hace m\u00e1s de un mes en la capital oaxaque\u00f1a para exigir justicia por 15 compa\u00f1eros asesinados el 21 de junio, cuyos homicidas se encuentran muy campantes en las calles de la localidad.<\/p>\n\n\n\n<figure class=\"wp-block-embed-twitter wp-block-embed is-type-rich is-provider-twitter\"><div class=\"wp-block-embed__wrapper\">\n<div class=\"twitter-tweet\"><blockquote class=\"twitter-tweet\" data-lang=\"es\"><p lang=\"es\" dir=\"ltr\">Sin atenci\u00f3n por parte del <a href=\"https:\/\/twitter.com\/GobOax?ref_src=twsrc%5Etfw\">@goboax<\/a> y la <a href=\"https:\/\/twitter.com\/FISCALIA_GobOax?ref_src=twsrc%5Etfw\">@FISCALIA_GobOax<\/a>, familiares de las 15 v\u00edctimas de Huazantl\u00e1n del R\u00edo, San Mateo del Mar, extienden su \u201cplant\u00f3n\u201d en el z\u00f3calo de la ciudad de Oaxaca. <a href=\"https:\/\/t.co\/ZomyV3Quhl\">pic.twitter.com\/ZomyV3Quhl<\/a><\/p>&mdash; Zona Roja Oaxaca (@MexRoja) <a href=\"https:\/\/twitter.com\/MexRoja\/status\/1356327278976753667?ref_src=twsrc%5Etfw\">1 de febrero de 2021<\/a><\/blockquote><\/div>\n<\/div><\/figure>\n\n\n\n<p>\u201cNosotros de parte del gobierno esperamos una respuesta a favor de nosotros, particularmente que ejecuten las ordenes de aprehensi\u00f3n de los asesinos que est\u00e1n en San Mateo y otras colonias, para que nosotras podamos regresar al pueblo\u201d, dijo.&nbsp;<\/p>\n\n\n\n<p>As\u00ed mismo, manifest\u00f3 que \u00fanicamente la Secretar\u00eda de Gobernaci\u00f3n ha entablado comunicaci\u00f3n con las v\u00edctimas, sin embargo, buscan que se establezcan las mesas de trabajo para resolver la situaci\u00f3n, ya que de nada sirve el di\u00e1logo si no hay acciones concretas que les permitan regresar a su hogar de manera segura.<\/p>\n\n\n\n<p>Hace unos d\u00edas, los mismos pobladores denunciaron que contraviniendo la autonom\u00eda que en teor\u00eda deber\u00eda ostentar, la Fiscal\u00eda General de Justicia de Oaxaca ha referido a las v\u00edctimas que ser\u00e1 hasta que el gobierno les gire instrucciones que proceder\u00e1n con la aprehensi\u00f3n de los responsables.<\/p>\n\n\n\n<p>\u201cY hasta ahorita el gobierno del Estado no nos ha atendido. En la Fiscal\u00eda nos dijeron que ya hicieron el trabajo y solo est\u00e1n esperando orden del gobierno para que ejecuten las ordenes de aprehensi\u00f3n\u201d, dijo.<\/p>\n","protected":false},"excerpt":{"rendered":"<p>Evlin Arag\u00f3n\/Zona Roja. Oaxaca de Ju\u00e1rez, Oax., 1 de febrero de 2021.- Ni una sola&hellip;<\/p>\n","protected":false},"author":2,"featured_media":23085,"comment_status":"closed","ping_status":"open","sticky":false,"template":"","format":"standard","meta":{"_lmt_disableupdate":"","_lmt_disable":"","_jetpack_memberships_contains_paid_content":false,"footnotes":""},"categories":[109,47],"tags":[1656],"class_list":["post-23084","post","type-post","status-publish","format-standard","has-post-thumbnail","hentry","category-minuto-a-minuto","category-zona-gris","tag-huazantlan-del-rio"],"jetpack_featured_media_url":"https:\/\/zonaroja.com.mx\/wp-content\/uploads\/2021\/02\/Planton-Huazantlan-zocalo.jpg","jetpack_sharing_enabled":true,"_links":{"self":[{"href":"https:\/\/zonaroja.com.mx\/index.php?rest_route=\/wp\/v2\/posts\/23084","targetHints":{"allow":["GET"]}}],"collection":[{"href":"https:\/\/zonaroja.com.mx\/index.php?rest_route=\/wp\/v2\/posts"}],"about":[{"href":"https:\/\/zonaroja.com.mx\/index.php?rest_route=\/wp\/v2\/types\/post"}],"author":[{"embeddable":true,"href":"https:\/\/zonaroja.com.mx\/index.php?rest_route=\/wp\/v2\/users\/2"}],"replies":[{"embeddable":true,"href":"https:\/\/zonaroja.com.mx\/index.php?rest_route=%2Fwp%2Fv2%2Fcomments&post=23084"}],"version-history":[{"count":1,"href":"https:\/\/zonaroja.com.mx\/index.php?rest_route=\/wp\/v2\/posts\/23084\/revisions"}],"predecessor-version":[{"id":23086,"href":"https:\/\/zonaroja.com.mx\/index.php?rest_route=\/wp\/v2\/posts\/23084\/revisions\/23086"}],"wp:featuredmedia":[{"embeddable":true,"href":"https:\/\/zonaroja.com.mx\/index.php?rest_route=\/wp\/v2\/media\/23085"}],"wp:attachment":[{"href":"https:\/\/zonaroja.com.mx\/index.php?rest_route=%2Fwp%2Fv2%2Fmedia&parent=23084"}],"wp:term":[{"taxonomy":"category","embeddable":true,"href":"https:\/\/zonaroja.com.mx\/index.php?rest_route=%2Fwp%2Fv2%2Fcategories&post=23084"},{"taxonomy":"post_tag","embeddable":true,"href":"https:\/\/zonaroja.com.mx\/index.php?rest_route=%2Fwp%2Fv2%2Ftags&post=23084"}],"curies":[{"name":"wp","href":"https:\/\/api.w.org\/{rel}","templated":true}]}}