{"id":23087,"date":"2021-02-01T20:45:40","date_gmt":"2021-02-02T02:45:40","guid":{"rendered":"http:\/\/www.zonaroja.com.mx\/?p=23087"},"modified":"2021-02-01T20:45:43","modified_gmt":"2021-02-02T02:45:43","slug":"edil-de-choapam-amaga-con-traer-enfermos-por-covid-a-la-capital-ante-desatencion","status":"publish","type":"post","link":"https:\/\/zonaroja.com.mx\/?p=23087","title":{"rendered":"Edil de Cho\u00e1pam amaga con traer enfermos por Covid a la capital, ante desatenci\u00f3n"},"content":{"rendered":"\n<p>Yuridiana Sosa\/Zona Roja.<\/p>\n\n\n\n<p>San Juan Bautista Tuxtepec, Oax., 1 de enero de 2021.- El saldo de las personas fallecidas por Covid-19 en la comunidad de San Juan del R\u00edo, del municipio de Santiago Cho\u00e1pam, increment\u00f3 a 12 .<\/p>\n\n\n\n<p>Sin embargo, a\u00fan no ha recibido ning\u00fan tipo de ayuda del Gobierno del Estado y del federal, denunci\u00f3 el presidente municipal, Evergisto Gamboa D\u00edaz.<\/p>\n\n\n\n<p>En entrevista, sentenci\u00f3 que de no recibir la ayuda necesaria para frenar la pandemia en su localidad, ubicada en ala regi\u00f3n de la Cuenca del Papaloapan, realizar\u00e1 un \u00abplant\u00f3n\u00bb en la capital del estado con los habitantes enfermos, de lo cual dijo:<\/p>\n\n\n\n<p>\u201cAsumo mi responsabilidad penal, y lo voy a cumplir, si no me atiende el gobierno, lo voy a hacer, s\u00e9 que es un delito, y lo asumo, lo voy a responder, pero prefiero estar en la c\u00e1rcel que ver a mis paisanos morir\u201d.<\/p>\n\n\n\n<p>Gamboa D\u00edaz apunt\u00f3 que el gobierno ha hecho caso omiso a la situaci\u00f3n que padecen m\u00e1s de 400 habitantes de una poblaci\u00f3n de mil 200, y de igual forma el gobierno federal tampoco ha respondido a la solicitud emitida el pasado 28 de enero.<\/p>\n\n\n\n<p>\u201cEstamos despreciados, queremos una entrevista con el gobernador Alejandro Murat\u201d, apunt\u00f3 el edil, quien tambi\u00e9n recurri\u00f3 a pedir la intervenci\u00f3n de la presidenta del DIF Estatal, Ivette Mor\u00e1n.<\/p>\n\n\n\n<p>\u201cDice que mucho ayuda, que eche la vista para nosotros que estamos en el completo olvido, no tenemos nada, queremos que nos ayude, aqu\u00ed es donde le pedimos auxilio\u201d, manifest\u00f3.<\/p>\n\n\n\n<p>Pues a casi una semana de la denuncia de la pandemia, en la poblaci\u00f3n, las familias est\u00e1n quedando sin alimento, pues ante el temor de una mayor propagaci\u00f3n optaron por el encierro, sin embargo, al ser campesinos la mayor\u00eda de ellos, la crisis es m\u00e1s cr\u00edtica.<\/p>\n\n\n\n<p>Al momento, dijo, no cuentan con un registro m\u00e1s exactos de los casos, por lo que es urgente que los gobiernos estatal y federal intervengan.<\/p>\n\n\n\n<p>En tanto, dijo, ha tenido que gestionar y adquirir por cuenta propia tanques de ox\u00edgena, bombas para desinfecci\u00f3n, equipos de protecci\u00f3n personal, alcohol y gel para abastecer a su comunidad.<\/p>\n\n\n\n<p>Al inicio de la pandemia, el municipio de Santiago Cho\u00e1pam, colindante con el estado de Veracruz y del municipio de San Juan Lalana, tambi\u00e9n estuvo involucrada en un conflicto pol\u00edtico-electoral que imped\u00eda que Gamboa D\u00edaz tomara el cargo.<\/p>\n\n\n\n<p>Situaci\u00f3n que complic\u00f3 el orden para que la poblaci\u00f3n implementar\u00e1 con mayor rigor las medidas ante Covid-19, pero se hab\u00eda controlado la situaci\u00f3n hasta este mes de enero que surgi\u00f3 el brote en una de las comunidades, indic\u00f3.<\/p>\n","protected":false},"excerpt":{"rendered":"<p>Yuridiana Sosa\/Zona Roja. San Juan Bautista Tuxtepec, Oax., 1 de enero de 2021.- El saldo&hellip;<\/p>\n","protected":false},"author":2,"featured_media":22912,"comment_status":"closed","ping_status":"open","sticky":false,"template":"","format":"standard","meta":{"_lmt_disableupdate":"","_lmt_disable":"","_jetpack_memberships_contains_paid_content":false,"footnotes":""},"categories":[109,47],"tags":[2409],"class_list":["post-23087","post","type-post","status-publish","format-standard","has-post-thumbnail","hentry","category-minuto-a-minuto","category-zona-gris","tag-santiago-choapam"],"jetpack_featured_media_url":"https:\/\/zonaroja.com.mx\/wp-content\/uploads\/2021\/01\/Santiago-Choapam.jpg","jetpack_sharing_enabled":true,"_links":{"self":[{"href":"https:\/\/zonaroja.com.mx\/index.php?rest_route=\/wp\/v2\/posts\/23087","targetHints":{"allow":["GET"]}}],"collection":[{"href":"https:\/\/zonaroja.com.mx\/index.php?rest_route=\/wp\/v2\/posts"}],"about":[{"href":"https:\/\/zonaroja.com.mx\/index.php?rest_route=\/wp\/v2\/types\/post"}],"author":[{"embeddable":true,"href":"https:\/\/zonaroja.com.mx\/index.php?rest_route=\/wp\/v2\/users\/2"}],"replies":[{"embeddable":true,"href":"https:\/\/zonaroja.com.mx\/index.php?rest_route=%2Fwp%2Fv2%2Fcomments&post=23087"}],"version-history":[{"count":1,"href":"https:\/\/zonaroja.com.mx\/index.php?rest_route=\/wp\/v2\/posts\/23087\/revisions"}],"predecessor-version":[{"id":23088,"href":"https:\/\/zonaroja.com.mx\/index.php?rest_route=\/wp\/v2\/posts\/23087\/revisions\/23088"}],"wp:featuredmedia":[{"embeddable":true,"href":"https:\/\/zonaroja.com.mx\/index.php?rest_route=\/wp\/v2\/media\/22912"}],"wp:attachment":[{"href":"https:\/\/zonaroja.com.mx\/index.php?rest_route=%2Fwp%2Fv2%2Fmedia&parent=23087"}],"wp:term":[{"taxonomy":"category","embeddable":true,"href":"https:\/\/zonaroja.com.mx\/index.php?rest_route=%2Fwp%2Fv2%2Fcategories&post=23087"},{"taxonomy":"post_tag","embeddable":true,"href":"https:\/\/zonaroja.com.mx\/index.php?rest_route=%2Fwp%2Fv2%2Ftags&post=23087"}],"curies":[{"name":"wp","href":"https:\/\/api.w.org\/{rel}","templated":true}]}}