{"id":23089,"date":"2021-02-01T21:42:21","date_gmt":"2021-02-02T03:42:21","guid":{"rendered":"http:\/\/www.zonaroja.com.mx\/?p=23089"},"modified":"2021-02-01T21:42:24","modified_gmt":"2021-02-02T03:42:24","slug":"en-un-mes-tres-narcomensajes-con-cabeza-de-cerdo-y-un-ejecutado-en-santa-lucia-del-camino","status":"publish","type":"post","link":"https:\/\/zonaroja.com.mx\/?p=23089","title":{"rendered":"En un mes, tres \u201cnarcomensajes\u201d con cabeza de cerdo y un ejecutado, en Santa Luc\u00eda del Camino"},"content":{"rendered":"\n<p>Redacci\u00f3n\/Zona Roja.<\/p>\n\n\n\n<p>Oaxaca de Ju\u00e1rez, Oax., 1 de febrero de 2021.-&nbsp; En menos de un mes, el municipio de Santa Luc\u00eda del Camino, Oaxaca, ha sido escenario de m\u00faltiples hechos delictivos a plena luz del d\u00eda en lugares p\u00fablicos y calles del centro de la ciudad.<\/p>\n\n\n\n<p>Este lunes fue reportado el dep\u00f3sito y localizaci\u00f3n de una cabeza de cerdo con una cartulina con un mensaje de amenaza en la agencia de Santa Mar\u00eda Ixcotel, de dicho municipio conurbado a la capital del estado.<\/p>\n\n\n\n<p>Hecho con el que se suman tres incidentes de este tipo en el lapso del 15 de enero al 1 de febrero.<\/p>\n\n\n\n<p>El hallazgo de este lunes ocurri\u00f3 en zona centro de dicha agencia, casi frente a la iglesia del lugar y a dos cuadras de la carretera internacional 190. Al lugar arribaron elementos de la Agencia Estatal de Investigaciones para realizar las diligencias correspondientes, luego de la alerta de una bolsa con contenido sospechoso y un mensaje de amenaza.<\/p>\n\n\n\n<p>La inseguridad en este municipio al frente de Dante Monta\u00f1o Montero ha permitido que tambi\u00e9n el pasado 20 de enero los grupos delincuenciales colocaran otra cabeza de puerco, tambi\u00e9n con \u201cnarcomensaje\u201d.<\/p>\n\n\n\n<p>El hallazgo se registr\u00f3 junto a la unidad deportiva, cercana al Palacio Municipal, donde la amenaza escrita en una cartulina estaba dirigida contra una mujer de nombre Cristina D., avencindada del lugar.<\/p>\n\n\n\n<figure class=\"wp-block-embed-twitter wp-block-embed is-type-rich is-provider-twitter\"><div class=\"wp-block-embed__wrapper\">\n<div class=\"twitter-tweet\"><blockquote class=\"twitter-tweet\" data-lang=\"es\"><p lang=\"es\" dir=\"ltr\"><a href=\"https:\/\/twitter.com\/hashtag\/ENVIVO?src=hash&amp;ref_src=twsrc%5Etfw\">#ENVIVO<\/a> <br>Santa Luc\u00eda del Camino, Oax., 1 de febrero de 2021.- De nueva cuenta, arrojan una cabeza de cerdo con un mensaje amenazante, en la calle Cuauht\u00e9moc, agencia de Santa Mar\u00eda Ixcotel.  <br>Aqu\u00ed la transmisi\u00f3n:<br>\ud83d\udc47<a href=\"https:\/\/t.co\/gL8WnLsPf7\">https:\/\/t.co\/gL8WnLsPf7<\/a> <a href=\"https:\/\/t.co\/qDk2rDDdyf\">pic.twitter.com\/qDk2rDDdyf<\/a><\/p>&mdash; Zona Roja Oaxaca (@MexRoja) <a href=\"https:\/\/twitter.com\/MexRoja\/status\/1356343300928622592?ref_src=twsrc%5Etfw\">1 de febrero de 2021<\/a><\/blockquote><\/div>\n<\/div><\/figure>\n\n\n\n<p>Pero en esa ocasi\u00f3n la Polic\u00eda Municipal se adelant\u00f3 al levantamiento de la evidencia antes de la llegada del Ministerio P\u00fablico de la Fiscal\u00eda General de Oaxaca.<\/p>\n\n\n\n<p>Un d\u00eda antes, se registr\u00f3 el ataque armado de un m\u00e9dico identificado como Guillermo R.A, contra quien fue agredido aproximadamente a las 10:00 horas en un local que funciona como gestor\u00eda para emplacamiento de unidades de motor, en la calle 18 de Julio de la colonia Guelaguetza, a unos metros del Centro Cultural y de Convenciones de Oaxaca.<\/p>\n\n\n\n<p>El 15 de enero ocurri\u00f3 el dep\u00f3sito de una cabeza de cerdo, dentro de una bolsa y un mensaje de amenaza en el estacionamiento del mercado \u201cV\u00edctor Bravo Ahuja\u201d, de ese municipio, en los l\u00edmites con la capital del estado. En esa ocasi\u00f3n, el mensaje estuvo dirigido contra una locataria.<\/p>\n\n\n\n<p>Pero un grupo de comerciantes han denunciado que por la omisi\u00f3n del edil Dante Monta\u00f1o, para ofrecer seguridad, la delincuencia se ha apoderado del mercado, as\u00ed como se ha registrado la desestabilidad por parte de otro grupo de nuevos comerciantes que presumen su relaci\u00f3n con el edil.<\/p>\n","protected":false},"excerpt":{"rendered":"<p>Redacci\u00f3n\/Zona Roja. Oaxaca de Ju\u00e1rez, Oax., 1 de febrero de 2021.-&nbsp; En menos de un&hellip;<\/p>\n","protected":false},"author":2,"featured_media":23090,"comment_status":"closed","ping_status":"open","sticky":false,"template":"","format":"standard","meta":{"_lmt_disableupdate":"","_lmt_disable":"","_jetpack_memberships_contains_paid_content":false,"footnotes":""},"categories":[109,47],"tags":[337],"class_list":["post-23089","post","type-post","status-publish","format-standard","has-post-thumbnail","hentry","category-minuto-a-minuto","category-zona-gris","tag-santa-lucia-del-camino"],"jetpack_featured_media_url":"https:\/\/zonaroja.com.mx\/wp-content\/uploads\/2021\/02\/Cabeza-de-marrano-Santa-Lucia-del-Camino.jpg","jetpack_sharing_enabled":true,"_links":{"self":[{"href":"https:\/\/zonaroja.com.mx\/index.php?rest_route=\/wp\/v2\/posts\/23089","targetHints":{"allow":["GET"]}}],"collection":[{"href":"https:\/\/zonaroja.com.mx\/index.php?rest_route=\/wp\/v2\/posts"}],"about":[{"href":"https:\/\/zonaroja.com.mx\/index.php?rest_route=\/wp\/v2\/types\/post"}],"author":[{"embeddable":true,"href":"https:\/\/zonaroja.com.mx\/index.php?rest_route=\/wp\/v2\/users\/2"}],"replies":[{"embeddable":true,"href":"https:\/\/zonaroja.com.mx\/index.php?rest_route=%2Fwp%2Fv2%2Fcomments&post=23089"}],"version-history":[{"count":1,"href":"https:\/\/zonaroja.com.mx\/index.php?rest_route=\/wp\/v2\/posts\/23089\/revisions"}],"predecessor-version":[{"id":23091,"href":"https:\/\/zonaroja.com.mx\/index.php?rest_route=\/wp\/v2\/posts\/23089\/revisions\/23091"}],"wp:featuredmedia":[{"embeddable":true,"href":"https:\/\/zonaroja.com.mx\/index.php?rest_route=\/wp\/v2\/media\/23090"}],"wp:attachment":[{"href":"https:\/\/zonaroja.com.mx\/index.php?rest_route=%2Fwp%2Fv2%2Fmedia&parent=23089"}],"wp:term":[{"taxonomy":"category","embeddable":true,"href":"https:\/\/zonaroja.com.mx\/index.php?rest_route=%2Fwp%2Fv2%2Fcategories&post=23089"},{"taxonomy":"post_tag","embeddable":true,"href":"https:\/\/zonaroja.com.mx\/index.php?rest_route=%2Fwp%2Fv2%2Ftags&post=23089"}],"curies":[{"name":"wp","href":"https:\/\/api.w.org\/{rel}","templated":true}]}}