{"id":2309,"date":"2019-07-16T21:47:07","date_gmt":"2019-07-17T02:47:07","guid":{"rendered":"http:\/\/www.zonaroja.com.mx\/?p=2309"},"modified":"2019-07-16T21:47:10","modified_gmt":"2019-07-17T02:47:10","slug":"tras-rina-revelan-triquis-dinero-que-les-da-gobierno-lorena-merino-guarda-600-mil","status":"publish","type":"post","link":"https:\/\/zonaroja.com.mx\/?p=2309","title":{"rendered":"Tras ri\u00f1a, revelan triquis dinero que les da gobierno; Lorena Merino guarda $600 mil"},"content":{"rendered":"\n<p>Ismael\nGarc\u00eda M.<\/p>\n\n\n\n<p>Oaxaca de\nJu\u00e1rez, Oax., 16 de julio de 2019.- Una ri\u00f1a por los espacios para venta de\nart\u00edculos en la v\u00eda p\u00fablica origin\u00f3 que un grupo de triquis con Medidas\nCautelares de la Comisi\u00f3n Interamericana de Derechos Humanos (CIDH), se\nacusaran de recibir dinero del gobierno estatal.<\/p>\n\n\n\n<p>\u201cLos \u00fanicos\nbeneficiarios son los representantes de San Juan Copala, nosotros no hemos\nconseguido nada, s\u00f3lo desprestigio\u2026 A Lorena pregunten cu\u00e1nto tiene en la caja\nde Segego (Secretar\u00eda General de Gobierno), tiene m\u00e1s de 600 mil pesos\u201c,\ndenunci\u00f3 uno de los ambulantes que discuti\u00f3 con la representante de un grupo de\ndesplazados de la localidad triqui desde el a\u00f1o 2010.<\/p>\n\n\n\n<p>Entre otros datos, expusieron que Braulio Hern\u00e1ndez recibe 11 mil 500 semanales; Reyna Mart\u00ednez Flores, 17 mil 500; Jes\u00fas Mart\u00ednez Flores, seis mil 500; Sergio Zepeda, igual, y Juana Santiago, tres mil 500.<\/p>\n\n\n\n<figure class=\"wp-block-embed-twitter wp-block-embed is-type-rich is-provider-twitter\"><div class=\"wp-block-embed__wrapper\">\n<div class=\"twitter-tweet\"><blockquote class=\"twitter-tweet\" data-lang=\"es\"><p lang=\"es\" dir=\"ltr\"><a href=\"https:\/\/twitter.com\/hashtag\/OaxacaGris?src=hash&amp;ref_src=twsrc%5Etfw\">#OaxacaGris<\/a><br>Triquis de Copala se pelean y se acusan. \u00bfCuanto reciben del <a href=\"https:\/\/twitter.com\/GobOax?ref_src=twsrc%5Etfw\">@GobOax<\/a> <a href=\"https:\/\/twitter.com\/SEGEGO_GobOax?ref_src=twsrc%5Etfw\">@SEGEGO_GobOax<\/a>? \u201cLorena Merino tiene guardados cheques por $600 mil\u201d&#8230; Escuche. <a href=\"https:\/\/twitter.com\/julioastillero?ref_src=twsrc%5Etfw\">@julioastillero<\/a> <a href=\"https:\/\/twitter.com\/nathanoax?ref_src=twsrc%5Etfw\">@nathanoax<\/a> <a href=\"https:\/\/twitter.com\/escaparate_oax?ref_src=twsrc%5Etfw\">@escaparate_oax<\/a> <a href=\"https:\/\/twitter.com\/Betillocruz?ref_src=twsrc%5Etfw\">@Betillocruz<\/a> <a href=\"https:\/\/t.co\/XnYgT6lhGZ\">pic.twitter.com\/XnYgT6lhGZ<\/a><\/p>&mdash; Zona Roja Oaxaca (@MexRoja) <a href=\"https:\/\/twitter.com\/MexRoja\/status\/1151314743329730562?ref_src=twsrc%5Etfw\">17 de julio de 2019<\/a><\/blockquote><\/div>\n<\/div><\/figure>\n\n\n\n<p>\u201cA Lorena le\nhan ofrecido seis mil 500, pero lo que queremos es en especie, carne, quesos,\nlegumbres hemos pedido.<\/p>\n\n\n\n<p>\u201cLo que\nquiere Lorena es que se vayan los otros y al \u00faltimo va a cobrar esos cheques (por\n600 mil pesos), que se quede con todo, les vamos a dar ese gusto a Lorena, nos\nvamos todos, se va a quedar Lorena con sus familiares, ella nada m\u00e1s est\u00e1 de\nt\u00edtere\u201d, terci\u00f3 uno de ellos.<\/p>\n\n\n\n<p>\u201cArturo Peimbert\n(ex titular de la Defensor\u00eda de los Derechos Humanos del Pueblo de Oaxaca) le\nregal\u00f3 una computadora port\u00e1til y 15 mil pesos, una televisi\u00f3n pantalla plana,\nLorena se qued\u00f3 tambi\u00e9n con ropa\u201d, acus\u00f3 uno m\u00e1s.<\/p>\n\n\n\n<p>En tanto\nLorena Merino, seg\u00fan se aprecia en videos, tach\u00f3 de mentirosos a sus\nacusadores. <\/p>\n\n\n\n<p>Desde el a\u00f1o\n2010, el \u00faltimo del gobierno de Ulises Ruiz Ortiz, por la violencia fueron\ndesplazadas m\u00e1s de 100 familias de San Juan Copala, Juxtlahuaca; al no tener\nterreno d\u00f3nde ubicarlos, convirtieron el corredor exterior del Palacio de\nGobierno en vivienda.<\/p>\n\n\n\n<p>Dos a\u00f1os\ndespu\u00e9s fueron retirados, pero regresaron para instalar puestos de venta de\nropa presuntamente triqui, en todo el corredor exterior; desde el a\u00f1o pasado un\ngrupo se extendi\u00f3 hacia la calle de Flores Mag\u00f3n, por cuyos espacios se origin\u00f3\nhoy la disputa.<\/p>\n","protected":false},"excerpt":{"rendered":"<p>Ismael Garc\u00eda M. Oaxaca de Ju\u00e1rez, Oax., 16 de julio de 2019.- Una ri\u00f1a por&hellip;<\/p>\n","protected":false},"author":2,"featured_media":2310,"comment_status":"closed","ping_status":"open","sticky":false,"template":"","format":"standard","meta":{"_lmt_disableupdate":"","_lmt_disable":"","_jetpack_memberships_contains_paid_content":false,"footnotes":""},"categories":[109,47],"tags":[354,353,352],"class_list":["post-2309","post","type-post","status-publish","format-standard","has-post-thumbnail","hentry","category-minuto-a-minuto","category-zona-gris","tag-desplazados-de-san-juan-copala","tag-lorena-merino","tag-triquis"],"jetpack_featured_media_url":"https:\/\/zonaroja.com.mx\/wp-content\/uploads\/2019\/07\/6ff71a79-c130-4dc8-a099-1e2796e0792b.jpg","jetpack_sharing_enabled":true,"_links":{"self":[{"href":"https:\/\/zonaroja.com.mx\/index.php?rest_route=\/wp\/v2\/posts\/2309","targetHints":{"allow":["GET"]}}],"collection":[{"href":"https:\/\/zonaroja.com.mx\/index.php?rest_route=\/wp\/v2\/posts"}],"about":[{"href":"https:\/\/zonaroja.com.mx\/index.php?rest_route=\/wp\/v2\/types\/post"}],"author":[{"embeddable":true,"href":"https:\/\/zonaroja.com.mx\/index.php?rest_route=\/wp\/v2\/users\/2"}],"replies":[{"embeddable":true,"href":"https:\/\/zonaroja.com.mx\/index.php?rest_route=%2Fwp%2Fv2%2Fcomments&post=2309"}],"version-history":[{"count":1,"href":"https:\/\/zonaroja.com.mx\/index.php?rest_route=\/wp\/v2\/posts\/2309\/revisions"}],"predecessor-version":[{"id":2311,"href":"https:\/\/zonaroja.com.mx\/index.php?rest_route=\/wp\/v2\/posts\/2309\/revisions\/2311"}],"wp:featuredmedia":[{"embeddable":true,"href":"https:\/\/zonaroja.com.mx\/index.php?rest_route=\/wp\/v2\/media\/2310"}],"wp:attachment":[{"href":"https:\/\/zonaroja.com.mx\/index.php?rest_route=%2Fwp%2Fv2%2Fmedia&parent=2309"}],"wp:term":[{"taxonomy":"category","embeddable":true,"href":"https:\/\/zonaroja.com.mx\/index.php?rest_route=%2Fwp%2Fv2%2Fcategories&post=2309"},{"taxonomy":"post_tag","embeddable":true,"href":"https:\/\/zonaroja.com.mx\/index.php?rest_route=%2Fwp%2Fv2%2Ftags&post=2309"}],"curies":[{"name":"wp","href":"https:\/\/api.w.org\/{rel}","templated":true}]}}