{"id":23092,"date":"2021-02-01T21:54:35","date_gmt":"2021-02-02T03:54:35","guid":{"rendered":"http:\/\/www.zonaroja.com.mx\/?p=23092"},"modified":"2021-02-01T21:54:39","modified_gmt":"2021-02-02T03:54:39","slug":"ejecutan-a-un-adolescente-en-juchitan-y-a-otro-individuo-en-nopala","status":"publish","type":"post","link":"https:\/\/zonaroja.com.mx\/?p=23092","title":{"rendered":"Ejecutan a un adolescente en Juchit\u00e1n y a otro individuo en Nopala"},"content":{"rendered":"\n<p>Redacci\u00f3n\/Zona Roja.<\/p>\n\n\n\n<p>Oaxaca de Ju\u00e1rez, Oax., 1 de febrero de 2021.- Febrero inici\u00f3 en Oaxaca con el asesinato a balazos de dos personas, una de ellas menor de edad.<\/p>\n\n\n\n<p>En Juchit\u00e1n de Zaragoza, la noche de este lunes fue ultimado un individuo de 17 a\u00f1os de edad, en la calle Santos Degollado de la Octava Secci\u00f3n, conocida tambi\u00e9n como \u201cCheguigo\u201d.<\/p>\n\n\n\n<p>Sujetos armados presuntamente a bordo de un mototaxi dispararon en contra del adolescente, quien muri\u00f3 en el lugar; fue identificado como Wilbert F. S., conocido como \u201cEl ni\u00f1o sicario\u201d.<\/p>\n\n\n\n<p>Los familiares impidieron la labor del personal de la Agencia Estatal de Investigaciones, al retirar el cuerpo de inmediato.<\/p>\n\n\n\n<p>Por otra parte, la tarde de hoy fue ultimada a balazos una persona del sexo masculino, en el municipio de Santos Reyes Nopala, del distrito de Juquila, en la regi\u00f3n Costa.<\/p>\n\n\n\n<p>Fue ejecutado en el interior de un restaurante y posteriormente identificado como Liborio M. P., hechos sucedidos alrededor de las 14:00 horas. <\/p>\n\n\n\n<p>Hasta el momento de ambos casos no hay personas detenidas como sospechosas de los cr\u00edmenes.<\/p>\n","protected":false},"excerpt":{"rendered":"<p>Redacci\u00f3n\/Zona Roja. Oaxaca de Ju\u00e1rez, Oax., 1 de febrero de 2021.- Febrero inici\u00f3 en Oaxaca&hellip;<\/p>\n","protected":false},"author":2,"featured_media":23093,"comment_status":"closed","ping_status":"open","sticky":false,"template":"","format":"standard","meta":{"_lmt_disableupdate":"","_lmt_disable":"","_jetpack_memberships_contains_paid_content":false,"footnotes":""},"categories":[109,51],"tags":[123],"class_list":["post-23092","post","type-post","status-publish","format-standard","has-post-thumbnail","hentry","category-minuto-a-minuto","category-zona-roja","tag-juchitan-de-zaragoza"],"jetpack_featured_media_url":"https:\/\/zonaroja.com.mx\/wp-content\/uploads\/2021\/02\/ASesinado-Juchitan.jpg","jetpack_sharing_enabled":true,"_links":{"self":[{"href":"https:\/\/zonaroja.com.mx\/index.php?rest_route=\/wp\/v2\/posts\/23092","targetHints":{"allow":["GET"]}}],"collection":[{"href":"https:\/\/zonaroja.com.mx\/index.php?rest_route=\/wp\/v2\/posts"}],"about":[{"href":"https:\/\/zonaroja.com.mx\/index.php?rest_route=\/wp\/v2\/types\/post"}],"author":[{"embeddable":true,"href":"https:\/\/zonaroja.com.mx\/index.php?rest_route=\/wp\/v2\/users\/2"}],"replies":[{"embeddable":true,"href":"https:\/\/zonaroja.com.mx\/index.php?rest_route=%2Fwp%2Fv2%2Fcomments&post=23092"}],"version-history":[{"count":1,"href":"https:\/\/zonaroja.com.mx\/index.php?rest_route=\/wp\/v2\/posts\/23092\/revisions"}],"predecessor-version":[{"id":23094,"href":"https:\/\/zonaroja.com.mx\/index.php?rest_route=\/wp\/v2\/posts\/23092\/revisions\/23094"}],"wp:featuredmedia":[{"embeddable":true,"href":"https:\/\/zonaroja.com.mx\/index.php?rest_route=\/wp\/v2\/media\/23093"}],"wp:attachment":[{"href":"https:\/\/zonaroja.com.mx\/index.php?rest_route=%2Fwp%2Fv2%2Fmedia&parent=23092"}],"wp:term":[{"taxonomy":"category","embeddable":true,"href":"https:\/\/zonaroja.com.mx\/index.php?rest_route=%2Fwp%2Fv2%2Fcategories&post=23092"},{"taxonomy":"post_tag","embeddable":true,"href":"https:\/\/zonaroja.com.mx\/index.php?rest_route=%2Fwp%2Fv2%2Ftags&post=23092"}],"curies":[{"name":"wp","href":"https:\/\/api.w.org\/{rel}","templated":true}]}}