{"id":23102,"date":"2021-02-02T08:04:52","date_gmt":"2021-02-02T14:04:52","guid":{"rendered":"http:\/\/www.zonaroja.com.mx\/?p=23102"},"modified":"2021-02-02T08:04:56","modified_gmt":"2021-02-02T14:04:56","slug":"diecinueve-dias-despues-en-aguas-de-oaxaca-localizan-a-naufragos-de-guerrero","status":"publish","type":"post","link":"https:\/\/zonaroja.com.mx\/?p=23102","title":{"rendered":"Diecinueve d\u00edas despu\u00e9s, en aguas de Oaxaca localizan a n\u00e1ufragos de Guerrero"},"content":{"rendered":"\n<p>Redacci\u00f3n\/Zona Roja.<\/p>\n\n\n\n<p>Oaxaca de Ju\u00e1rez, Oax., 2 de febrero de 2021.- Diecinueve d\u00edas despu\u00e9s, tres n\u00e1ufragos del estado de Guerrero fueron localizados en aguas mar\u00edtimas de Oaxaca.<\/p>\n\n\n\n<p>Ayer por la tarde, pescadores oaxaque\u00f1os localizaron una embarcaci\u00f3n de nombre \u201cGenezaret\u201d, a siete millas de la costa de Puerto \u00c1ngel, San Pedro Pochutla, con tres individuos.<\/p>\n\n\n\n<p>Los n\u00e1ufragos, V\u00edctor Manuel Trujillo Mart\u00ednez, de 42 a\u00f1os de edad; Mart\u00edn Guaztitlan S\u00e1nchez, de 66 a\u00f1os, y Dolores Rodr\u00edguez, de 65 a\u00f1os, salieron a pescar el pasado 12 de enero de Bah\u00eda Las Hamacas, Guerrero.<\/p>\n\n\n\n<p>Pero fallas en el motor los mantuvieron a la deriva por casi tres semanas, hasta que fueron localizados.<\/p>\n\n\n\n<p>Los pescadores de Puerto \u00c1ngel, Jorge Luis Stein S\u00e1nchez y Timoteo Contreras dieron con ellos para posteriormente trasladarlos a Puerto \u00c1ngel, donde se les brindaron los auxilios m\u00e9dicos correspondientes y quedaron a la espera de ser trasladados a su entidad natal.<\/p>\n","protected":false},"excerpt":{"rendered":"<p>Redacci\u00f3n\/Zona Roja. Oaxaca de Ju\u00e1rez, Oax., 2 de febrero de 2021.- Diecinueve d\u00edas despu\u00e9s, tres&hellip;<\/p>\n","protected":false},"author":2,"featured_media":23103,"comment_status":"closed","ping_status":"open","sticky":false,"template":"","format":"standard","meta":{"_lmt_disableupdate":"","_lmt_disable":"","_jetpack_memberships_contains_paid_content":false,"footnotes":""},"categories":[109,47],"tags":[2419],"class_list":["post-23102","post","type-post","status-publish","format-standard","has-post-thumbnail","hentry","category-minuto-a-minuto","category-zona-gris","tag-naufragos-guerrero-en-oaxaca"],"jetpack_featured_media_url":"https:\/\/zonaroja.com.mx\/wp-content\/uploads\/2021\/02\/Naufragos-Guerrero.png","jetpack_sharing_enabled":true,"_links":{"self":[{"href":"https:\/\/zonaroja.com.mx\/index.php?rest_route=\/wp\/v2\/posts\/23102","targetHints":{"allow":["GET"]}}],"collection":[{"href":"https:\/\/zonaroja.com.mx\/index.php?rest_route=\/wp\/v2\/posts"}],"about":[{"href":"https:\/\/zonaroja.com.mx\/index.php?rest_route=\/wp\/v2\/types\/post"}],"author":[{"embeddable":true,"href":"https:\/\/zonaroja.com.mx\/index.php?rest_route=\/wp\/v2\/users\/2"}],"replies":[{"embeddable":true,"href":"https:\/\/zonaroja.com.mx\/index.php?rest_route=%2Fwp%2Fv2%2Fcomments&post=23102"}],"version-history":[{"count":1,"href":"https:\/\/zonaroja.com.mx\/index.php?rest_route=\/wp\/v2\/posts\/23102\/revisions"}],"predecessor-version":[{"id":23104,"href":"https:\/\/zonaroja.com.mx\/index.php?rest_route=\/wp\/v2\/posts\/23102\/revisions\/23104"}],"wp:featuredmedia":[{"embeddable":true,"href":"https:\/\/zonaroja.com.mx\/index.php?rest_route=\/wp\/v2\/media\/23103"}],"wp:attachment":[{"href":"https:\/\/zonaroja.com.mx\/index.php?rest_route=%2Fwp%2Fv2%2Fmedia&parent=23102"}],"wp:term":[{"taxonomy":"category","embeddable":true,"href":"https:\/\/zonaroja.com.mx\/index.php?rest_route=%2Fwp%2Fv2%2Fcategories&post=23102"},{"taxonomy":"post_tag","embeddable":true,"href":"https:\/\/zonaroja.com.mx\/index.php?rest_route=%2Fwp%2Fv2%2Ftags&post=23102"}],"curies":[{"name":"wp","href":"https:\/\/api.w.org\/{rel}","templated":true}]}}