{"id":23113,"date":"2021-02-02T08:32:47","date_gmt":"2021-02-02T14:32:47","guid":{"rendered":"http:\/\/www.zonaroja.com.mx\/?p=23113"},"modified":"2021-02-02T08:32:52","modified_gmt":"2021-02-02T14:32:52","slug":"investiga-ddhpo-actuacion-de-policia-municipal-de-xoxocotlan-en-contra-de-civiles","status":"publish","type":"post","link":"https:\/\/zonaroja.com.mx\/?p=23113","title":{"rendered":"Investiga DDHPO actuaci\u00f3n de Polic\u00eda Municipal de Xoxocotl\u00e1n en contra de civiles"},"content":{"rendered":"\n<p>Redacci\u00f3n\/Zona Roja.<\/p>\n\n\n\n<p>Oaxaca de Ju\u00e1rez, Oax., 2 de febrero de 2021.-&nbsp; La Defensor\u00eda de los Derechos Humanos del Pueblo de Oaxaca (DDHPO) investiga los hechos de violencia contra un grupo de j\u00f3venes, presuntamente cometidos por elementos de la Polic\u00eda Municipal de Santa Cruz Xoxocotl\u00e1n, mismos que causaron lesiones graves a una de las personas, e inform\u00f3 que investiga las posibles violaciones a derechos humanos en este caso.<\/p>\n\n\n\n<p>El organismo aut\u00f3nomo inici\u00f3 de oficio un expediente, luego que tuviera conocimiento de que el pasado 31 de enero de este a\u00f1o, elementos polic\u00edacos de Xoxocotl\u00e1n realizaron disparos en contra de al menos siete personas que circulaban en un veh\u00edculo.<\/p>\n\n\n\n<p>Ante lo cual, la Defensor\u00eda solicit\u00f3 de manera inmediata a los Servicios de Salud de Oaxaca su colaboraci\u00f3n para que se brindara atenci\u00f3n m\u00e9dica a uno de los j\u00f3venes que result\u00f3 lesionado con arma de fuego, adem\u00e1s, realiz\u00f3 las gestiones necesarias para que los j\u00f3venes que se encuentran detenidos fueran valorados por un servicio m\u00e9dico.<\/p>\n\n\n\n<p>Asimismo, la Defensor\u00eda emiti\u00f3 medidas cautelares a la Fiscal\u00eda General de Justicia del Estado para que, en caso de que los j\u00f3venes detenidos no ameriten prisi\u00f3n preventiva oficiosa del delito que se les acusa, sean puestos en libertad.<\/p>\n\n\n\n<p>Mientras que al ayuntamiento de Santa Cruz Xoxocotl\u00e1n le solicit\u00f3 un informe sobre el actuar de sus servidores p\u00fablicos en los hechos ocurridos, as\u00ed como evitar incurrir en actos u omisiones que pongan en riesgo la integridad de las personas involucradas y de toda la comunidad.<\/p>\n\n\n\n<p>Para la DDHPO es preocupante que en \u00faltimos tres a\u00f1os en este municipio del estado se hayan abierto 13 expedientes de queja por abuso policial cometido por elementos de la corporaci\u00f3n de seguridad municipal.<\/p>\n\n\n\n<p>De igual forma, el organismo aut\u00f3nomo manifest\u00f3 que este es un problema persistente en toda la entidad, pues tan solo en 2020 recibi\u00f3 m\u00e1s de 200 quejas relacionadas con actos violatorios de derechos humanos en los que est\u00e1n inmiscuidas autoridades policiales municipales.<\/p>\n\n\n\n<p>La DDHPO inform\u00f3 que realizar\u00e1 las investigaciones conducentes para esclarecer las circunstancias en las cuales ocurrieron los hechos y en su momento emitir la resoluci\u00f3n del caso y la reparaci\u00f3n a los derechos humanos que se hubieran violentado.<\/p>\n\n\n\n<p>E indic\u00f3 que en este tipo de situaciones es importante que se adopten medidas de atenci\u00f3n f\u00edsica y psicol\u00f3gica para las personas agraviadas, adem\u00e1s de que es fundamental garantizar el acceso a la justicia de las v\u00edctimas, para ello, las autoridades deben realizar las investigaciones pertinentes dentro de un lapso razonable que permita establecer las responsabilidades e imponer las sanciones correspondientes.<\/p>\n\n\n\n<p>La instituci\u00f3n defensora de derechos humanos reiter\u00f3 que en el estado existe una deficiencia estructural en el actuar de las polic\u00edas municipales, as\u00ed como la ausencia de protocolos de actuaci\u00f3n sustentados en los derechos humanos, adem\u00e1s de una falta de esquemas de formaci\u00f3n policial adecuados.<\/p>\n\n\n\n<p>Lo anterior queda evidenciado en varios casos documentados por este organismo aut\u00f3nomo, como la reciente muerte de una persona al interior del centro de detenci\u00f3n en Mazatl\u00e1n Villa de Flores ocurrida el pasado 22 de enero.<\/p>\n\n\n\n<p>La Defensor\u00eda insisti\u00f3 en la urgencia de establecer procesos de formaci\u00f3n, sensibilizaci\u00f3n y acreditaci\u00f3n de los elementos municipales, as\u00ed como fortalecer los controles de confianza y profesionalizaci\u00f3n de estos elementos de seguridad p\u00fablica.<\/p>\n","protected":false},"excerpt":{"rendered":"<p>Redacci\u00f3n\/Zona Roja. Oaxaca de Ju\u00e1rez, Oax., 2 de febrero de 2021.-&nbsp; La Defensor\u00eda de los&hellip;<\/p>\n","protected":false},"author":2,"featured_media":23114,"comment_status":"closed","ping_status":"open","sticky":false,"template":"","format":"standard","meta":{"_lmt_disableupdate":"","_lmt_disable":"","_jetpack_memberships_contains_paid_content":false,"footnotes":""},"categories":[109,47],"tags":[286],"class_list":["post-23113","post","type-post","status-publish","format-standard","has-post-thumbnail","hentry","category-minuto-a-minuto","category-zona-gris","tag-defensoria-de-los-derechos-humanos-del-pueblo-de-oaxaca"],"jetpack_featured_media_url":"https:\/\/zonaroja.com.mx\/wp-content\/uploads\/2021\/02\/Filtro-policias-Xoxocotlan.jpg","jetpack_sharing_enabled":true,"_links":{"self":[{"href":"https:\/\/zonaroja.com.mx\/index.php?rest_route=\/wp\/v2\/posts\/23113","targetHints":{"allow":["GET"]}}],"collection":[{"href":"https:\/\/zonaroja.com.mx\/index.php?rest_route=\/wp\/v2\/posts"}],"about":[{"href":"https:\/\/zonaroja.com.mx\/index.php?rest_route=\/wp\/v2\/types\/post"}],"author":[{"embeddable":true,"href":"https:\/\/zonaroja.com.mx\/index.php?rest_route=\/wp\/v2\/users\/2"}],"replies":[{"embeddable":true,"href":"https:\/\/zonaroja.com.mx\/index.php?rest_route=%2Fwp%2Fv2%2Fcomments&post=23113"}],"version-history":[{"count":1,"href":"https:\/\/zonaroja.com.mx\/index.php?rest_route=\/wp\/v2\/posts\/23113\/revisions"}],"predecessor-version":[{"id":23115,"href":"https:\/\/zonaroja.com.mx\/index.php?rest_route=\/wp\/v2\/posts\/23113\/revisions\/23115"}],"wp:featuredmedia":[{"embeddable":true,"href":"https:\/\/zonaroja.com.mx\/index.php?rest_route=\/wp\/v2\/media\/23114"}],"wp:attachment":[{"href":"https:\/\/zonaroja.com.mx\/index.php?rest_route=%2Fwp%2Fv2%2Fmedia&parent=23113"}],"wp:term":[{"taxonomy":"category","embeddable":true,"href":"https:\/\/zonaroja.com.mx\/index.php?rest_route=%2Fwp%2Fv2%2Fcategories&post=23113"},{"taxonomy":"post_tag","embeddable":true,"href":"https:\/\/zonaroja.com.mx\/index.php?rest_route=%2Fwp%2Fv2%2Ftags&post=23113"}],"curies":[{"name":"wp","href":"https:\/\/api.w.org\/{rel}","templated":true}]}}