{"id":23116,"date":"2021-02-02T14:52:08","date_gmt":"2021-02-02T20:52:08","guid":{"rendered":"http:\/\/www.zonaroja.com.mx\/?p=23116"},"modified":"2021-02-02T14:52:14","modified_gmt":"2021-02-02T20:52:14","slug":"segego-rebasado-otra-vez-por-protestas-y-bloqueos-hoy-suman-tres","status":"publish","type":"post","link":"https:\/\/zonaroja.com.mx\/?p=23116","title":{"rendered":"Segego, rebasado otra vez por protestas y bloqueos; hoy suman tres"},"content":{"rendered":"\n<p>Evlin Arag\u00f3n\/Zona Roja.<\/p>\n\n\n\n<p>Oaxaca de Ju\u00e1rez, Oax., 2 de febrero de 2021.- Las protestas y movilizaciones rebasaron, de nuevo, a la Secretar\u00eda General de Gobierno (Segego).<\/p>\n\n\n\n<p>Este martes, las movilizaciones iniciaron en la regi\u00f3n del Istmo de Tehuantepec, en que un grupo de pobladores impide el paso en la carretera Trans\u00edstmica, en el tramo Palomares-Mat\u00edas Romero, a la altura a la desviaci\u00f3n a la localidad de Mogo\u00f1\u00e9.<\/p>\n\n\n\n<p>Con ello, qued\u00f3 cerrado el tr\u00e1nsito hacia la regi\u00f3n de la Cuenca y al vecino estado de Veracruz. Ello ha ocasionado importantes afectaciones viales en la zona, en donde se han quedado varados cientos de veh\u00edculos en espera de poder pasar.&nbsp;<\/p>\n\n\n\n<p>Hasta el momento no hay atenci\u00f3n por parte de las autoridades del gobierno estatal.<\/p>\n\n\n\n<p>TAMBI\u00c9N DOCENTES<\/p>\n\n\n\n<p>En tanto, en la capital supuestos docentes del nivel de Secundarias T\u00e9cnicas de la Secci\u00f3n 22, adherida a la Coordinadora Nacional de Trabajadores de la Educaci\u00f3n (CNTE), instalaron por unas tres horas un bloqueo carretero en el crucero del estadio de b\u00e9isbol \u201cEduardo Vasconcelos\u201d.&nbsp;<\/p>\n\n\n\n<p>Lo anterior para exigir pagos pendientes, denominados de incidencias, que aseguran por ley les corresponden y que de acuerdo con las autoridades del Instituto Estatal de Educaci\u00f3n P\u00fablica de Oaxaca (IEEPO) se han ido cubriendo de manera escalonada, como ha sido acordado a nivel nacional&nbsp;&nbsp;<\/p>\n\n\n\n<p>\u201cSomos maestros del estado de Oaxaca de secundarias t\u00e9cnicas. Exigimos que se nos pague lo que por derecho ya nos corresponde ya que hemos laborado desde el 2015 hasta el d\u00eda de hoy y no se nos paga\u201d, refirieron integrantes de la gremial en entrevista&nbsp;<\/p>\n\n\n\n<p>Sin embargo, de acuerdo con informaci\u00f3n difundida, varios de ellos no cumplen con los requisitos para exigir el pago correspondiente.<\/p>\n\n\n\n<p>Es el caso de Leobardo Cabrera V\u00e1squez, quien \u00fanicamente cuenta con certificado de preparatoria y no tiene ni t\u00edtulo ni c\u00e9dula profesional; adem\u00e1s, en el periodo que exige pago, revelan que fue funcionario del Gobierno del Estado.<\/p>\n\n\n\n<p>Asimismo, de Carmen Su\u00e1rez Garc\u00eda, quien en la \u00e9poca que reclama pagos, estudiaba la licenciatura en Derecho en el estado de Puebla; de acuerdo con su expediente, no cuenta con t\u00edtulo ni c\u00e9dula profesional, como tampoco documentos que avalen el lapso laboral que reclama.<\/p>\n\n\n\n<p>La protesta, que tambi\u00e9n fue dirigida a la dirigencia de la Secci\u00f3n 22 encabezada por Eloy L\u00f3pez Hern\u00e1ndez, caus\u00f3 afectaciones en las calles Boulevard Eduardo Vasconcelos, H\u00e9roes de Chapultepec, Heroica Escuela Militar en la colonia Reforma. \u00a0Alrededor de las 14:00 horas fue retirada la manifestaci\u00f3n.<\/p>\n\n\n\n<figure class=\"wp-block-embed-twitter wp-block-embed is-type-rich is-provider-twitter\"><div class=\"wp-block-embed__wrapper\">\n<div class=\"twitter-tweet\"><blockquote class=\"twitter-tweet\" data-lang=\"es\"><p lang=\"es\" dir=\"ltr\"><a href=\"https:\/\/twitter.com\/hashtag\/%C3%9AltimoMinuto?src=hash&amp;ref_src=twsrc%5Etfw\">#\u00daltimoMinuto<\/a> <br>Un grupo de pobladores de la Villa de Sola de Vega arrib\u00f3 a la sede del <a href=\"https:\/\/twitter.com\/CongresoOaxLXIV?ref_src=twsrc%5Etfw\">@CongresoOaxLXIV<\/a>, para reiterar la petici\u00f3n formal de destituci\u00f3n del presidente municipal, Esa\u00fa N\u00fa\u00f1ez Calvo, desconocido por la poblaci\u00f3n desde la semana pasada. <a href=\"https:\/\/t.co\/oXYk215k2f\">pic.twitter.com\/oXYk215k2f<\/a><\/p>&mdash; Zona Roja Oaxaca (@MexRoja) <a href=\"https:\/\/twitter.com\/MexRoja\/status\/1356671187703783427?ref_src=twsrc%5Etfw\">2 de febrero de 2021<\/a><\/blockquote><\/div>\n<\/div><\/figure>\n\n\n\n<p>PROTESTA EN CONGRESO<\/p>\n\n\n\n<p>Mientras que, a las afueras del Congreso local, en San Raymundo Jalpan, un grupo de pobladores de la Villa de Sola de Vega arrib\u00f3 a la sede, para reiterar la petici\u00f3n formal de destituci\u00f3n del presidente municipal, Esa\u00fa N\u00fa\u00f1ez Calvo, desconocido por la poblaci\u00f3n desde la semana pasada.<\/p>\n\n\n\n<p>Rigoberto R\u00edos Rojas, regidor de Panteones, explic\u00f3 que la mayor\u00eda del Cabildo por voluntad propia acudi\u00f3 a la C\u00e1mara de Diputados, para exigir que la voluntad del pueblo se haga efectiva y se destituya al edil.&nbsp;<\/p>\n\n\n\n<p>\u201cComo Cabildo ya no queremos al ex presidente, no queremos m\u00e1s violencias en la comunidad, queremos una soluci\u00f3n para seguir trabajando para Sola de Vega\u201d, dijo ante los medios de comunicaci\u00f3n.&nbsp;<\/p>\n\n\n\n<p>R\u00edos Rojas asegur\u00f3 que las 44 agencias municipales respaldan la destituci\u00f3n del edil, a quien acusan de desv\u00edo de recursos y mala administraci\u00f3n de las arcas municipales, adem\u00e1s de no permitir el trabajo de las y los regidores de manera libre y en beneficio de la poblaci\u00f3n.&nbsp;<\/p>\n","protected":false},"excerpt":{"rendered":"<p>Evlin Arag\u00f3n\/Zona Roja. Oaxaca de Ju\u00e1rez, Oax., 2 de febrero de 2021.- Las protestas y&hellip;<\/p>\n","protected":false},"author":2,"featured_media":23117,"comment_status":"closed","ping_status":"open","sticky":false,"template":"","format":"standard","meta":{"_lmt_disableupdate":"","_lmt_disable":"","_jetpack_memberships_contains_paid_content":false,"footnotes":""},"categories":[109,47],"tags":[2121],"class_list":["post-23116","post","type-post","status-publish","format-standard","has-post-thumbnail","hentry","category-minuto-a-minuto","category-zona-gris","tag-secretaria-general-de-gobierno-segego"],"jetpack_featured_media_url":"https:\/\/zonaroja.com.mx\/wp-content\/uploads\/2021\/02\/Bloqueo-Istmo.jpg","jetpack_sharing_enabled":true,"_links":{"self":[{"href":"https:\/\/zonaroja.com.mx\/index.php?rest_route=\/wp\/v2\/posts\/23116","targetHints":{"allow":["GET"]}}],"collection":[{"href":"https:\/\/zonaroja.com.mx\/index.php?rest_route=\/wp\/v2\/posts"}],"about":[{"href":"https:\/\/zonaroja.com.mx\/index.php?rest_route=\/wp\/v2\/types\/post"}],"author":[{"embeddable":true,"href":"https:\/\/zonaroja.com.mx\/index.php?rest_route=\/wp\/v2\/users\/2"}],"replies":[{"embeddable":true,"href":"https:\/\/zonaroja.com.mx\/index.php?rest_route=%2Fwp%2Fv2%2Fcomments&post=23116"}],"version-history":[{"count":1,"href":"https:\/\/zonaroja.com.mx\/index.php?rest_route=\/wp\/v2\/posts\/23116\/revisions"}],"predecessor-version":[{"id":23118,"href":"https:\/\/zonaroja.com.mx\/index.php?rest_route=\/wp\/v2\/posts\/23116\/revisions\/23118"}],"wp:featuredmedia":[{"embeddable":true,"href":"https:\/\/zonaroja.com.mx\/index.php?rest_route=\/wp\/v2\/media\/23117"}],"wp:attachment":[{"href":"https:\/\/zonaroja.com.mx\/index.php?rest_route=%2Fwp%2Fv2%2Fmedia&parent=23116"}],"wp:term":[{"taxonomy":"category","embeddable":true,"href":"https:\/\/zonaroja.com.mx\/index.php?rest_route=%2Fwp%2Fv2%2Fcategories&post=23116"},{"taxonomy":"post_tag","embeddable":true,"href":"https:\/\/zonaroja.com.mx\/index.php?rest_route=%2Fwp%2Fv2%2Ftags&post=23116"}],"curies":[{"name":"wp","href":"https:\/\/api.w.org\/{rel}","templated":true}]}}