{"id":23119,"date":"2021-02-02T15:56:51","date_gmt":"2021-02-02T21:56:51","guid":{"rendered":"http:\/\/www.zonaroja.com.mx\/?p=23119"},"modified":"2021-02-02T15:56:55","modified_gmt":"2021-02-02T21:56:55","slug":"otra-victima-de-covid-19-fallece-ex-edil-de-ayotzintepec-tomas-salas-mariano","status":"publish","type":"post","link":"https:\/\/zonaroja.com.mx\/?p=23119","title":{"rendered":"Otra v\u00edctima de Covid-19; fallece ex edil de Ayotzintepec, Tom\u00e1s Salas Mariano"},"content":{"rendered":"\n<p>Yuridiana Sosa\/Zona Roja.<\/p>\n\n\n\n<p>San Juan Bautista Tuxtepec, Oax., 2 de febrero de 2021.-El ex presidente municipal de Ayotzintepec, Tom\u00e1s Salas Mariano, se sum\u00f3 a la lista de v\u00edctimas mortales de Covid-19; su defunci\u00f3n se confirm\u00f3 en las primeras horas de este martes.<\/p>\n\n\n\n<p>El ex edil, emanado del Partido Revolucionario Institucional, gobern\u00f3 en el bienio 2017- 2018, as\u00ed como busc\u00f3 la reelecci\u00f3n para el periodo siguiendo, sin \u00e9xito. Adem\u00e1s, durante su mandato estuvo involucrado en un conflicto de violencia pol\u00edtica de g\u00e9nero contra la s\u00edndica municipal.<\/p>\n\n\n\n<p>Tom\u00e1s Salas es parte de los ex servidores p\u00fablicos que han fallecido en la regi\u00f3n de la Cuenca durante la pandemia, as\u00ed como de 293 personas que en esta regi\u00f3n al norte de Oaxaca han perdido la vida, de acuerdo con los datos de Servicios de Salud de la entidad.<\/p>\n\n\n\n<p>Mientras que, de forma oficial con datos de la Secretar\u00eda de Salud hasta este 1 de febrero, Ayotzintepec ha acumulado 11 contagios, una defunci\u00f3n y un caso activo actualmente.<\/p>\n\n\n\n<p>Otros decesos son el del ex presidente municipal de Tuxtepec, Jos\u00e9 Manuel Barrera Mojica;  mientras durante sus mandatos, perdieron la vida Fernando Bautista D\u00e1vila, de Tuxtepec, adem\u00e1s, de Pedro Esc\u00e1rcega de Santiago Jocotepec.<\/p>\n\n\n\n<p>Los dos \u00faltimos presidentes se encuentran en el listado de los 15 ediles que hasta que perdieron la vida en su batalla contra el Covid-19; el primer caso registrado fue de Javier Santiago Ruiz, de Reyes Etla, el 15 de junio y el caso reciente, Aparicio Reyes Rojas de Santos Reyes Tepejillo, el 30 de enero.<\/p>\n","protected":false},"excerpt":{"rendered":"<p>Yuridiana Sosa\/Zona Roja. San Juan Bautista Tuxtepec, Oax., 2 de febrero de 2021.-El ex presidente&hellip;<\/p>\n","protected":false},"author":2,"featured_media":23120,"comment_status":"closed","ping_status":"open","sticky":false,"template":"","format":"standard","meta":{"_lmt_disableupdate":"","_lmt_disable":"","_jetpack_memberships_contains_paid_content":false,"footnotes":""},"categories":[109,47],"tags":[1301],"class_list":["post-23119","post","type-post","status-publish","format-standard","has-post-thumbnail","hentry","category-minuto-a-minuto","category-zona-gris","tag-ayotzintepec"],"jetpack_featured_media_url":"https:\/\/zonaroja.com.mx\/wp-content\/uploads\/2021\/02\/Ex-edil-de-Ayotzintepec.jpg","jetpack_sharing_enabled":true,"_links":{"self":[{"href":"https:\/\/zonaroja.com.mx\/index.php?rest_route=\/wp\/v2\/posts\/23119","targetHints":{"allow":["GET"]}}],"collection":[{"href":"https:\/\/zonaroja.com.mx\/index.php?rest_route=\/wp\/v2\/posts"}],"about":[{"href":"https:\/\/zonaroja.com.mx\/index.php?rest_route=\/wp\/v2\/types\/post"}],"author":[{"embeddable":true,"href":"https:\/\/zonaroja.com.mx\/index.php?rest_route=\/wp\/v2\/users\/2"}],"replies":[{"embeddable":true,"href":"https:\/\/zonaroja.com.mx\/index.php?rest_route=%2Fwp%2Fv2%2Fcomments&post=23119"}],"version-history":[{"count":1,"href":"https:\/\/zonaroja.com.mx\/index.php?rest_route=\/wp\/v2\/posts\/23119\/revisions"}],"predecessor-version":[{"id":23121,"href":"https:\/\/zonaroja.com.mx\/index.php?rest_route=\/wp\/v2\/posts\/23119\/revisions\/23121"}],"wp:featuredmedia":[{"embeddable":true,"href":"https:\/\/zonaroja.com.mx\/index.php?rest_route=\/wp\/v2\/media\/23120"}],"wp:attachment":[{"href":"https:\/\/zonaroja.com.mx\/index.php?rest_route=%2Fwp%2Fv2%2Fmedia&parent=23119"}],"wp:term":[{"taxonomy":"category","embeddable":true,"href":"https:\/\/zonaroja.com.mx\/index.php?rest_route=%2Fwp%2Fv2%2Fcategories&post=23119"},{"taxonomy":"post_tag","embeddable":true,"href":"https:\/\/zonaroja.com.mx\/index.php?rest_route=%2Fwp%2Fv2%2Ftags&post=23119"}],"curies":[{"name":"wp","href":"https:\/\/api.w.org\/{rel}","templated":true}]}}