{"id":2312,"date":"2019-07-16T22:16:30","date_gmt":"2019-07-17T03:16:30","guid":{"rendered":"http:\/\/www.zonaroja.com.mx\/?p=2312"},"modified":"2019-07-16T22:16:32","modified_gmt":"2019-07-17T03:16:32","slug":"otra-jornada-sangrienta-dos-ejecutados-y-un-lesionado-a-balazos","status":"publish","type":"post","link":"https:\/\/zonaroja.com.mx\/?p=2312","title":{"rendered":"Otra jornada sangrienta: dos ejecutados y un lesionado a balazos"},"content":{"rendered":"\n<p>Redacci\u00f3n<\/p>\n\n\n\n<p>Oaxaca de\nJu\u00e1rez, Oax., 16 de julio de 2019.- A cinco d\u00edas del primer Lunes del Cerro de\nla Guelaguetza oaxaque\u00f1a, dos personas fueron ejecutadas a balazos en la regi\u00f3n\nValles Centrales y una m\u00e1s lesionada en el Istmo de Tehuantepec.<\/p>\n\n\n\n<p>Por la\nma\u00f1ana de hoy, a un costado de la v\u00eda federal 175, Oaxaca-Puerto \u00c1ngel, a la\naltura del paraje \u201cAgua del Higo\u201d, del municipio de San Nicol\u00e1s, perteneciente\nal distrito de Miahuatl\u00e1n, fueron hallados los cuerpos de dos personas del sexo\nmasculino.<\/p>\n\n\n\n<p>Ambas presentaban\nhuellas de tortura, estaban maniatados con alambre y ten\u00edan disparos de armas\nde fuego en la cabeza. Hasta esta noche no hab\u00edan sido identificadas\nlegalmente.<\/p>\n\n\n\n<p>Por otra\nparte, la madrugada de este martes se suscit\u00f3 un ataque armado en una zona\ndenominada \u201cLa Panzona\u201d, perteneciente al municipio de Santo Domingo\nTehuantepec.<\/p>\n\n\n\n<p>La v\u00edctima\nfue identificada como Fredy Garc\u00eda Cruz, de aproximadamente 42 a\u00f1os de edad,\noriginario de Mat\u00edas Romero Avenda\u00f1o, con domicilio en el municipio de El\nBarrio La Soledad.<\/p>\n\n\n\n<p>Corporaciones\nde emergencia fueron a su auxilio y lo trasladaron a un hospital, donde a\u00fan\nconvalece y lo reportan delicado de salud.<\/p>\n","protected":false},"excerpt":{"rendered":"<p>Redacci\u00f3n Oaxaca de Ju\u00e1rez, Oax., 16 de julio de 2019.- A cinco d\u00edas del primer&hellip;<\/p>\n","protected":false},"author":2,"featured_media":2313,"comment_status":"closed","ping_status":"open","sticky":false,"template":"","format":"standard","meta":{"_lmt_disableupdate":"","_lmt_disable":"","_jetpack_memberships_contains_paid_content":false,"footnotes":""},"categories":[109,51],"tags":[355,58],"class_list":["post-2312","post","type-post","status-publish","format-standard","has-post-thumbnail","hentry","category-minuto-a-minuto","category-zona-roja","tag-dos-ejecutados-ejutla-miahuatlan","tag-oaxaca"],"jetpack_featured_media_url":"https:\/\/zonaroja.com.mx\/wp-content\/uploads\/2019\/07\/16baf5e4-4b52-487f-a7b3-7bcc50b5ff36.jpg","jetpack_sharing_enabled":true,"_links":{"self":[{"href":"https:\/\/zonaroja.com.mx\/index.php?rest_route=\/wp\/v2\/posts\/2312","targetHints":{"allow":["GET"]}}],"collection":[{"href":"https:\/\/zonaroja.com.mx\/index.php?rest_route=\/wp\/v2\/posts"}],"about":[{"href":"https:\/\/zonaroja.com.mx\/index.php?rest_route=\/wp\/v2\/types\/post"}],"author":[{"embeddable":true,"href":"https:\/\/zonaroja.com.mx\/index.php?rest_route=\/wp\/v2\/users\/2"}],"replies":[{"embeddable":true,"href":"https:\/\/zonaroja.com.mx\/index.php?rest_route=%2Fwp%2Fv2%2Fcomments&post=2312"}],"version-history":[{"count":1,"href":"https:\/\/zonaroja.com.mx\/index.php?rest_route=\/wp\/v2\/posts\/2312\/revisions"}],"predecessor-version":[{"id":2314,"href":"https:\/\/zonaroja.com.mx\/index.php?rest_route=\/wp\/v2\/posts\/2312\/revisions\/2314"}],"wp:featuredmedia":[{"embeddable":true,"href":"https:\/\/zonaroja.com.mx\/index.php?rest_route=\/wp\/v2\/media\/2313"}],"wp:attachment":[{"href":"https:\/\/zonaroja.com.mx\/index.php?rest_route=%2Fwp%2Fv2%2Fmedia&parent=2312"}],"wp:term":[{"taxonomy":"category","embeddable":true,"href":"https:\/\/zonaroja.com.mx\/index.php?rest_route=%2Fwp%2Fv2%2Fcategories&post=2312"},{"taxonomy":"post_tag","embeddable":true,"href":"https:\/\/zonaroja.com.mx\/index.php?rest_route=%2Fwp%2Fv2%2Ftags&post=2312"}],"curies":[{"name":"wp","href":"https:\/\/api.w.org\/{rel}","templated":true}]}}