{"id":23123,"date":"2021-02-02T17:43:15","date_gmt":"2021-02-02T23:43:15","guid":{"rendered":"https:\/\/www.zonaroja.com.mx\/?p=23123"},"modified":"2021-02-02T17:43:19","modified_gmt":"2021-02-02T23:43:19","slug":"personal-medico-en-pochutla-se-une-al-llamado-de-justicia-para-mariana","status":"publish","type":"post","link":"https:\/\/zonaroja.com.mx\/?p=23123","title":{"rendered":"Personal m\u00e9dico en Pochutla se une al llamado de justicia para Mariana"},"content":{"rendered":"\n<p>Evlin Arag\u00f3n\/Zona Roja.<\/p>\n\n\n\n<p class=\"MsoNormal\">Oaxaca de Ju\u00e1rez, Oax.. 2 de febrero de 2021\/1 \u201cEl d\u00eda de hoy mis compa\u00f1eros MPSS del Hospital General de San Pedro Pochutla, alzan la voz y exigen justicia para Mariana, para que las instituciones educativas, de Salud y de Seguridad Publica atiendan y resuelvan los casos de violencia contra los trabajadores del sector Salud\u201d. <\/p>\n\n\n\n<p class=\"MsoNormal\">Son las palabras que escribi\u00f3 Marcelo Garc\u00eda Cort\u00e9s, quien labora como personal administrativo en el Hospital General de San Pedro Pochutla, en donde, est\u00e1 ma\u00f1ana, personal m\u00e9dico de pasant\u00eda exigi\u00f3 justicia para Mariana, joven m\u00e9dica que fue encontrada sin vida en Chiapas, tras haber sido v\u00edctima de una violaci\u00f3n. <\/p>\n\n\n\n<p class=\"MsoNormal\">Fue desde temprana hora que personal m\u00e9dico, portando bata blanca o&nbsp;filipina azul y con sus respectivas cartulinas, levant\u00f3 la voz en memoria de la joven de 24 a\u00f1os de edad, reci\u00e9n egresada de la carrera de medicina de la Universidad Aut\u00f3noma de Chiapas, quien realizaba su servicio social en la comunidad de Nueva Palestina, municipio de Ocosingo.&nbsp;&nbsp;<\/p>\n\n\n\n<p class=\"MsoNormal\">Las puertas de cristal del nosocomio se llenaron de hojas con el hashtag #JusticiaParaMariana, escrita por al menos 15 j\u00f3venes m\u00e9dicos que realizan su servicio, practicas o trabajo de especialidad en el hospital ubicado en la regi\u00f3n de la Costa.  <\/p>\n\n\n\n<p class=\"MsoNormal\">Tambi\u00e9n se dieron el tiempo de pintar una cartulina de mayor tama\u00f1o, con el fin de que al colocarla fuera m\u00e1s visible la exigencia dirigida a la Fiscal\u00eda de Chiapas, a la cual tambi\u00e9n piden sanciones para quienes resulten responsables de omisi\u00f3n al interior de la Secretar\u00eda de Salud.&nbsp;&nbsp;<\/p>\n\n\n\n<p class=\"MsoNormal\">Y es que la joven present\u00f3 su denuncia penal ante la Fiscal\u00eda General del Estado (FGE) por la agresi\u00f3n sexual sufrida y recurri\u00f3 a la Secretar\u00eda de Salud en busca de apoyo, en donde solo obtuvo como respuesta que tomara un mes de vacaciones para \u00abrecuperarse\u00bb.&nbsp;&nbsp;<\/p>\n\n\n\n<p class=\"MsoNormal\">\u201c\u00bfC\u00f3mo puede una jovencita recuperarse de un ataque as\u00ed? Estaba angustiada, deprimida, sin apoyo emocional ni econ\u00f3mico\u201d, refiere Marcelo Garc\u00eda en su publicaci\u00f3n de redes sociales.  <\/p>\n\n\n\n<p class=\"MsoNormal\">Finalmente se pronunci\u00f3, al igual que sus compa\u00f1eros, en contra de los feminicidios. <\/p>\n\n\n\n<p class=\"MsoNormal\">A la par que llam\u00f3 a todo el gremio a sumarse a las causas sociales de quienes son sus compa\u00f1eras y compa\u00f1eros, creer en las denuncias y tratar de apoyar a las v\u00edctimas para evitar una baja m\u00e1s en el personal m\u00e9dico, debido a la violencia de g\u00e9nero.&nbsp;&nbsp;<\/p>\n\n\n\n<p class=\"MsoNormal\">\u201cInvito a mis compa\u00f1eros trabajadores de los SSO, y de todo el sector Salud, para que nos sumemos a las causas sociales de nuestros compa\u00f1eros, que cuando sea necesario les brindemos todo nuestro apoyo y respaldo. Y desde aqu\u00ed y ahora, como siempre, compa\u00f1er@ te ofrezco siempre mi mano, siempre que lo necesites estoy contigo, lucharemos juntos para defender nuestros derechos\u201d, concluy\u00f3.  <\/p>\n","protected":false},"excerpt":{"rendered":"<p>Evlin Arag\u00f3n\/Zona Roja. Oaxaca de Ju\u00e1rez, Oax.. 2 de febrero de 2021\/1 \u201cEl d\u00eda de&hellip;<\/p>\n","protected":false},"author":2,"featured_media":23122,"comment_status":"closed","ping_status":"open","sticky":false,"template":"","format":"standard","meta":{"_lmt_disableupdate":"","_lmt_disable":"","_jetpack_memberships_contains_paid_content":false,"footnotes":""},"categories":[109,47],"tags":[],"class_list":["post-23123","post","type-post","status-publish","format-standard","has-post-thumbnail","hentry","category-minuto-a-minuto","category-zona-gris"],"jetpack_featured_media_url":"https:\/\/zonaroja.com.mx\/wp-content\/uploads\/2021\/02\/1f01bec3-e94e-49b2-aeda-0083955b798e.jpg","jetpack_sharing_enabled":true,"_links":{"self":[{"href":"https:\/\/zonaroja.com.mx\/index.php?rest_route=\/wp\/v2\/posts\/23123","targetHints":{"allow":["GET"]}}],"collection":[{"href":"https:\/\/zonaroja.com.mx\/index.php?rest_route=\/wp\/v2\/posts"}],"about":[{"href":"https:\/\/zonaroja.com.mx\/index.php?rest_route=\/wp\/v2\/types\/post"}],"author":[{"embeddable":true,"href":"https:\/\/zonaroja.com.mx\/index.php?rest_route=\/wp\/v2\/users\/2"}],"replies":[{"embeddable":true,"href":"https:\/\/zonaroja.com.mx\/index.php?rest_route=%2Fwp%2Fv2%2Fcomments&post=23123"}],"version-history":[{"count":1,"href":"https:\/\/zonaroja.com.mx\/index.php?rest_route=\/wp\/v2\/posts\/23123\/revisions"}],"predecessor-version":[{"id":23124,"href":"https:\/\/zonaroja.com.mx\/index.php?rest_route=\/wp\/v2\/posts\/23123\/revisions\/23124"}],"wp:featuredmedia":[{"embeddable":true,"href":"https:\/\/zonaroja.com.mx\/index.php?rest_route=\/wp\/v2\/media\/23122"}],"wp:attachment":[{"href":"https:\/\/zonaroja.com.mx\/index.php?rest_route=%2Fwp%2Fv2%2Fmedia&parent=23123"}],"wp:term":[{"taxonomy":"category","embeddable":true,"href":"https:\/\/zonaroja.com.mx\/index.php?rest_route=%2Fwp%2Fv2%2Fcategories&post=23123"},{"taxonomy":"post_tag","embeddable":true,"href":"https:\/\/zonaroja.com.mx\/index.php?rest_route=%2Fwp%2Fv2%2Ftags&post=23123"}],"curies":[{"name":"wp","href":"https:\/\/api.w.org\/{rel}","templated":true}]}}