{"id":23125,"date":"2021-02-02T19:36:20","date_gmt":"2021-02-03T01:36:20","guid":{"rendered":"http:\/\/www.zonaroja.com.mx\/?p=23125"},"modified":"2021-02-02T19:36:24","modified_gmt":"2021-02-03T01:36:24","slug":"asalto-con-ataque-armado-en-la-capital-mientras-edil-se-candidatea-para-reeleccion","status":"publish","type":"post","link":"https:\/\/zonaroja.com.mx\/?p=23125","title":{"rendered":"Asalto con ataque armado en la capital, mientras edil se candidatea para reelecci\u00f3n"},"content":{"rendered":"\n<p>Yuridiana Sosa\/Zona Roja. Imagen: Google<\/p>\n\n\n\n<p>Oaxaca de Ju\u00e1rez, Oax., 2 de febrero de 2021.- La delincuencia en la capital del estado est\u00e1 descontrolada; actos violentos de todo tipo se han convertido en el pesar diario de los ciudadanos de Oaxaca de Ju\u00e1rez, mientras su presidente municipal, Oswaldo Garc\u00eda Jarqu\u00edn, est\u00e1 enfocado en la reelecci\u00f3n.<\/p>\n\n\n\n<p>A trav\u00e9s de un video, el hijo del cantante Aldo Rey denunci\u00f3 que junto con su familia fueron asaltados este martes de forma violenta, con ataque armado, en la colonia Bugambilias de la agencia municipal de Santa Rosa Panzacola.<\/p>\n\n\n\n<p>La familia a bordo de un coche fue interceptada en la calle Esmeralda, a pocos metros del mercado Zonal de Santa Rosa, por dos sujetos a bordo de una motocicleta, quienes dispararon de forma directa contra el m\u00fasico y su familia cuando \u00e9ste los intent\u00f3 alcanzar.<\/p>\n\n\n\n<p>Con enojo, desesperaci\u00f3n y frustraci\u00f3n, el hijo del cantante, Aldo Rey Jr. detall\u00f3 que el veh\u00edculo tambi\u00e9n ten\u00eda varios impactos de arma de fuego, lo que puso en riesgo la vida de otros cuatro ocupantes de la unidad, entre ellos, dos menores de edad, una mujer y el se\u00f1or Aldo Rey, quien conduc\u00eda el coche.<\/p>\n\n\n\n<p>\u201c\u00a1Nos acaban de asaltar, alguien que comparta\u2026vengo espantado!\u201d, repet\u00eda en forma de pedir auxilio la v\u00edctima, mientras a bordo del veh\u00edculo intentaban seguir el camino por donde escaparon o al menos tener una pista de d\u00f3nde localizar a los delincuentes.<\/p>\n\n\n\n<p>Los asaltantes se llevaron un monto total de 35 mil pesos y los tel\u00e9fonos celulares de cuatro de los integrantes de la familia, pues Aldo Rey Jr. hab\u00eda descendido de la unidad minutos antes, pero justo a su llegada los asaltantes escapaban.<\/p>\n\n\n\n<figure class=\"wp-block-embed-twitter wp-block-embed is-type-rich is-provider-twitter\"><div class=\"wp-block-embed__wrapper\">\n<div class=\"twitter-tweet\"><blockquote class=\"twitter-tweet\" data-lang=\"es\"><p lang=\"es\" dir=\"ltr\"><a href=\"https:\/\/twitter.com\/hashtag\/%C3%9AltimoMinuto?src=hash&amp;ref_src=twsrc%5Etfw\">#\u00daltimoMinuto<\/a> <br>Mientras edil <a href=\"https:\/\/twitter.com\/oswaldogarciaj?ref_src=twsrc%5Etfw\">@oswaldogarciaj<\/a> se promociona para repetir en el cargo de edil del <a href=\"https:\/\/twitter.com\/MunicipioOaxaca?ref_src=twsrc%5Etfw\">@MunicipioOaxaca<\/a>, la inseguridad en la capital se incrementa. <br>Aqu\u00ed la narraci\u00f3n de una familia del cantante Aldo Rey, asaltados en Santa Rosa Panzacola:<br>\ud83d\udc47<a href=\"https:\/\/t.co\/AngXZBHQzw\">https:\/\/t.co\/AngXZBHQzw<\/a> <a href=\"https:\/\/t.co\/nM29ROPa7q\">pic.twitter.com\/nM29ROPa7q<\/a><\/p>&mdash; Zona Roja Oaxaca (@MexRoja) <a href=\"https:\/\/twitter.com\/MexRoja\/status\/1356717744062783492?ref_src=twsrc%5Etfw\">2 de febrero de 2021<\/a><\/blockquote><\/div>\n<\/div><\/figure>\n\n\n\n<p>Durante la transmisi\u00f3n del joven, indic\u00f3 que portaban una pistola color plateada, posiblemente calibre 22; uno de ellos con una cicatriz en el labio, delgados, cabello corto, playera blanca y mochila negra.<\/p>\n\n\n\n<p>\u201c\u00a1Seg\u00fan el gobierno nos iba a cuidar!\u201d, dice en reclamo ante el crimen cometido en contra de su familia.<\/p>\n\n\n\n<p>En el recorrido por la zona de las colonias Bugambilias, El Maestro y Lomas Altas, no se encontr\u00f3 con ninguna patrulla.&nbsp; \u201c\u00a1Polic\u00edas, se est\u00e1n haciendo bien pinches g\u00fceyes en su trabajo!\u201d, enfatiz\u00f3 con enojo la v\u00edctima, quien por suerte sali\u00f3 ileso.<\/p>\n\n\n\n<p>Por su parte, el se\u00f1or Aldo Rey recomend\u00f3 a los vecinos de esa zona de la agencia de Santa Rosa a mantenerse unidas contra ese tipo de delincuentes para no dejar que sigan afectando a la poblaci\u00f3n.<\/p>\n\n\n\n<p>Mientras que el presidente municipal de Morena, Oswaldo Garc\u00eda Jarqu\u00edn, recientemente public\u00f3 un video en el que anunci\u00f3 que buscar\u00e1 la reelecci\u00f3n a su cargo, por el Partido Morena, porque est\u00e1 seguro que ha realizado un buen trabajo por la mejora de la capital.<\/p>\n\n\n\n<p>Por lo que su ejercicio est\u00e1 enfocado a buscar simpat\u00edas y promocionar su imagen para el proceso electoral de este a\u00f1o.<\/p>\n","protected":false},"excerpt":{"rendered":"<p>Yuridiana Sosa\/Zona Roja. Imagen: Google Oaxaca de Ju\u00e1rez, Oax., 2 de febrero de 2021.- La&hellip;<\/p>\n","protected":false},"author":2,"featured_media":23126,"comment_status":"closed","ping_status":"open","sticky":false,"template":"","format":"standard","meta":{"_lmt_disableupdate":"","_lmt_disable":"","_jetpack_memberships_contains_paid_content":false,"footnotes":""},"categories":[109,47],"tags":[148],"class_list":["post-23125","post","type-post","status-publish","format-standard","has-post-thumbnail","hentry","category-minuto-a-minuto","category-zona-gris","tag-oaxaca-de-juarez"],"jetpack_featured_media_url":"https:\/\/zonaroja.com.mx\/wp-content\/uploads\/2021\/02\/Calle-Esmeralda.png","jetpack_sharing_enabled":true,"_links":{"self":[{"href":"https:\/\/zonaroja.com.mx\/index.php?rest_route=\/wp\/v2\/posts\/23125","targetHints":{"allow":["GET"]}}],"collection":[{"href":"https:\/\/zonaroja.com.mx\/index.php?rest_route=\/wp\/v2\/posts"}],"about":[{"href":"https:\/\/zonaroja.com.mx\/index.php?rest_route=\/wp\/v2\/types\/post"}],"author":[{"embeddable":true,"href":"https:\/\/zonaroja.com.mx\/index.php?rest_route=\/wp\/v2\/users\/2"}],"replies":[{"embeddable":true,"href":"https:\/\/zonaroja.com.mx\/index.php?rest_route=%2Fwp%2Fv2%2Fcomments&post=23125"}],"version-history":[{"count":1,"href":"https:\/\/zonaroja.com.mx\/index.php?rest_route=\/wp\/v2\/posts\/23125\/revisions"}],"predecessor-version":[{"id":23127,"href":"https:\/\/zonaroja.com.mx\/index.php?rest_route=\/wp\/v2\/posts\/23125\/revisions\/23127"}],"wp:featuredmedia":[{"embeddable":true,"href":"https:\/\/zonaroja.com.mx\/index.php?rest_route=\/wp\/v2\/media\/23126"}],"wp:attachment":[{"href":"https:\/\/zonaroja.com.mx\/index.php?rest_route=%2Fwp%2Fv2%2Fmedia&parent=23125"}],"wp:term":[{"taxonomy":"category","embeddable":true,"href":"https:\/\/zonaroja.com.mx\/index.php?rest_route=%2Fwp%2Fv2%2Fcategories&post=23125"},{"taxonomy":"post_tag","embeddable":true,"href":"https:\/\/zonaroja.com.mx\/index.php?rest_route=%2Fwp%2Fv2%2Ftags&post=23125"}],"curies":[{"name":"wp","href":"https:\/\/api.w.org\/{rel}","templated":true}]}}