{"id":23128,"date":"2021-02-02T20:42:04","date_gmt":"2021-02-03T02:42:04","guid":{"rendered":"http:\/\/www.zonaroja.com.mx\/?p=23128"},"modified":"2021-02-02T20:42:07","modified_gmt":"2021-02-03T02:42:07","slug":"colabora-la-sspo-con-fiscalia-en-caso-de-agresion-a-jovenes-en-xoxocotlan","status":"publish","type":"post","link":"https:\/\/zonaroja.com.mx\/?p=23128","title":{"rendered":"Colabora la SSPO con Fiscal\u00eda en caso de agresi\u00f3n a j\u00f3venes en Xoxocotl\u00e1n"},"content":{"rendered":"\n<p>Redacci\u00f3n\/Zona Roja.<\/p>\n\n\n\n<p>Oaxaca de Ju\u00e1rez, Oax., 2 de febrero de 2021.- En el pasado fin de semana, elementos de la Polic\u00eda Municipal de Santa Cruz Xoxocotl\u00e1n y personal de la Polic\u00eda Estatal establecieron un operativo coordinado en dicho municipio, con el objetivo de salvaguardar el orden y seguridad en la zona, en el que result\u00f3 lesionada una persona por arma de fuego.<\/p>\n\n\n\n<p>De acuerdo con los primeros datos proporcionados, los uniformados se percataron que un veh\u00edculo pretend\u00eda saltarse el filtro de control, por lo que le marcaron el alto para realizar una inspecci\u00f3n general de rutina, mismo que emprendi\u00f3 la huida, lo que gener\u00f3 una persecuci\u00f3n.<\/p>\n\n\n\n<p>Ante lo ocurrido, los elementos de la Polic\u00eda Estatal solicitaron el apoyo de la Fiscal\u00eda General del Estado de Oaxaca (FGEO) y la Agencia Estatal de Investigaciones (AEI) para llevar a cabo las diligencias correspondientes, inform\u00f3 la Secretar\u00eda de Seguridad P\u00fablica de Oaxaca (SSPO).<\/p>\n\n\n\n<p>Asimismo, elementos policiales rindieron su declaraci\u00f3n ante la Fiscal\u00eda General del Estado, para el esclarecimiento de los hechos, coadyuvando as\u00ed en las investigaciones correspondientes en estricto apego a la normatividad.<\/p>\n\n\n\n<p>Cabe resaltar que, dicho despliegue se realiza en coordinaci\u00f3n con los tres \u00f3rdenes de gobierno, a fin de salvaguardar la paz social; siempre apegados a derecho y con estricto respeto a los derechos humanos de la ciudadan\u00eda, detall\u00f3 la instituci\u00f3n, a cargo de Ra\u00fal Ernesto Salcedo Rosales.<\/p>\n","protected":false},"excerpt":{"rendered":"<p>Redacci\u00f3n\/Zona Roja. Oaxaca de Ju\u00e1rez, Oax., 2 de febrero de 2021.- En el pasado fin&hellip;<\/p>\n","protected":false},"author":2,"featured_media":23129,"comment_status":"closed","ping_status":"open","sticky":false,"template":"","format":"standard","meta":{"_lmt_disableupdate":"","_lmt_disable":"","_jetpack_memberships_contains_paid_content":false,"footnotes":""},"categories":[109,47],"tags":[133],"class_list":["post-23128","post","type-post","status-publish","format-standard","has-post-thumbnail","hentry","category-minuto-a-minuto","category-zona-gris","tag-santa-cruz-xoxocotlan"],"jetpack_featured_media_url":"https:\/\/zonaroja.com.mx\/wp-content\/uploads\/2021\/02\/Poliia-xoxo.jpg","jetpack_sharing_enabled":true,"_links":{"self":[{"href":"https:\/\/zonaroja.com.mx\/index.php?rest_route=\/wp\/v2\/posts\/23128","targetHints":{"allow":["GET"]}}],"collection":[{"href":"https:\/\/zonaroja.com.mx\/index.php?rest_route=\/wp\/v2\/posts"}],"about":[{"href":"https:\/\/zonaroja.com.mx\/index.php?rest_route=\/wp\/v2\/types\/post"}],"author":[{"embeddable":true,"href":"https:\/\/zonaroja.com.mx\/index.php?rest_route=\/wp\/v2\/users\/2"}],"replies":[{"embeddable":true,"href":"https:\/\/zonaroja.com.mx\/index.php?rest_route=%2Fwp%2Fv2%2Fcomments&post=23128"}],"version-history":[{"count":1,"href":"https:\/\/zonaroja.com.mx\/index.php?rest_route=\/wp\/v2\/posts\/23128\/revisions"}],"predecessor-version":[{"id":23130,"href":"https:\/\/zonaroja.com.mx\/index.php?rest_route=\/wp\/v2\/posts\/23128\/revisions\/23130"}],"wp:featuredmedia":[{"embeddable":true,"href":"https:\/\/zonaroja.com.mx\/index.php?rest_route=\/wp\/v2\/media\/23129"}],"wp:attachment":[{"href":"https:\/\/zonaroja.com.mx\/index.php?rest_route=%2Fwp%2Fv2%2Fmedia&parent=23128"}],"wp:term":[{"taxonomy":"category","embeddable":true,"href":"https:\/\/zonaroja.com.mx\/index.php?rest_route=%2Fwp%2Fv2%2Fcategories&post=23128"},{"taxonomy":"post_tag","embeddable":true,"href":"https:\/\/zonaroja.com.mx\/index.php?rest_route=%2Fwp%2Fv2%2Ftags&post=23128"}],"curies":[{"name":"wp","href":"https:\/\/api.w.org\/{rel}","templated":true}]}}