{"id":23131,"date":"2021-02-02T21:28:29","date_gmt":"2021-02-03T03:28:29","guid":{"rendered":"http:\/\/www.zonaroja.com.mx\/?p=23131"},"modified":"2021-02-02T21:48:13","modified_gmt":"2021-02-03T03:48:13","slug":"campana-que-te-caiga-el-20-contra-la-violencia-marcho-pese-a-pandemia","status":"publish","type":"post","link":"https:\/\/zonaroja.com.mx\/?p=23131","title":{"rendered":"Campa\u00f1a \u201cQue te caiga el 20\u201d contra la violencia, march\u00f3 pese a pandemia"},"content":{"rendered":"\n<p>Yuridiana Sosa\/Zona Roja.<\/p>\n\n\n\n<p>Oaxaca de Ju\u00e1rez, Oax., 2 de febrero de 2021.- Con las medidas necesarias frente a la contingencia de Covid-19, as\u00ed como con la implementaci\u00f3n de estrategias ante la resistencia de autoridades municipales, la campa\u00f1a de erradicaci\u00f3n de la violencia contra las mujeres \u201cQue te caiga el 20\u201d logr\u00f3 llegar a las oaxaque\u00f1as de 40 municipios.<\/p>\n\n\n\n<p>Durante su comparecencia, por la glosa del Cuarto Informe de gobierno de Oaxaca, la titular de la Secretar\u00eda de Pueblos Ind\u00edgenas y Afromexicano (Sepia), Eufrosina Cruz Mendoza, destac\u00f3 la importancia del proyecto avalado por la Comisi\u00f3n Nacional para Prevenir y Erradicar la Violencia Contra las Mujeres (Conavim).<\/p>\n\n\n\n<p>\u201cQue te caiga el 20. Tejamos una historia sin violencia para las mujeres\u201d, lleg\u00f3 a las comunidades en voz de las mismas oaxaque\u00f1as, que desde sus lenguas maternas difundieron el mensaje en las comunidades ind\u00edgenas.<\/p>\n\n\n\n<p>Se grabaron spots radiof\u00f3nicos, dos jingles, dos cortometrajes animados y publicidad escrita en siete lenguas maternas y 17 variantes etnoling\u00fc\u00edsticas.<\/p>\n\n\n\n<p>La secretaria apunt\u00f3 que la pandemia dej\u00f3 en claro que en el tema de la violencia de g\u00e9nero es necesario hacer pol\u00edticas p\u00fablicas urgentes para erradicarla, pero desde las voces de los mismos actores, no s\u00f3lo de mujeres, tambi\u00e9n de la ni\u00f1ez que lo sufre y de los hombres, como agresores, que en muchos casos la ejercen sin identificar la violencia.<\/p>\n\n\n\n<p>Cruz Mendoza dijo que a trav\u00e9s de dicha campa\u00f1a, se logr\u00f3 integrar a los involucrados en la violencia de g\u00e9nero, en el caso de los hombres se logr\u00f3 implementar una red de hombres para hablar del tema. As\u00ed como una especial para los ni\u00f1os, ni\u00f1as y adolescentes, para que pudieran expresar con libertad como viv\u00edan la violencia.<\/p>\n\n\n\n<p>En los municipios donde la propia autoridad puso resistencia para difundir la campa\u00f1a en los altavoces, se implementaron recorridos propios en motos y con bocinas para que llegar\u00e1 a toda la comunidad y \u201cromper paradigmas\u201d.<\/p>\n\n\n\n<figure class=\"wp-block-embed-twitter wp-block-embed is-type-rich is-provider-twitter\"><div class=\"wp-block-embed__wrapper\">\n<div class=\"twitter-tweet\"><blockquote class=\"twitter-tweet\" data-lang=\"es\"><p lang=\"es\" dir=\"ltr\"><a href=\"https:\/\/twitter.com\/hashtag\/%C3%9AltimoMinuto?src=hash&amp;ref_src=twsrc%5Etfw\">#\u00daltimoMinuto<\/a> <br>Este martes, la titular de la <a href=\"https:\/\/twitter.com\/SEPIA_GobOax?ref_src=twsrc%5Etfw\">@SEPIA_GobOax<\/a>, <a href=\"https:\/\/twitter.com\/EufrosinaCruz?ref_src=twsrc%5Etfw\">@EufrosinaCruz<\/a>, comparece ante la comisi\u00f3n respectiva del <a href=\"https:\/\/twitter.com\/CongresoOaxLXIV?ref_src=twsrc%5Etfw\">@CongresoOaxLXIV<\/a>, como parte de la glosa del IV Informe de Gobierno. <br>Aqu\u00ed puede seguir la transmisi\u00f3n:<br>\ud83d\udc47<a href=\"https:\/\/t.co\/VURhTjQeDD\">https:\/\/t.co\/VURhTjQeDD<\/a> <a href=\"https:\/\/t.co\/1YzoIK3Pfk\">pic.twitter.com\/1YzoIK3Pfk<\/a><\/p>&mdash; Zona Roja Oaxaca (@MexRoja) <a href=\"https:\/\/twitter.com\/MexRoja\/status\/1356702319128240130?ref_src=twsrc%5Etfw\">2 de febrero de 2021<\/a><\/blockquote><\/div>\n<\/div><\/figure>\n\n\n\n<p>MAS ACCIONES<\/p>\n\n\n\n<p>Entre otras acciones, detall\u00f3 que durante el a\u00f1o 2020l que se logr\u00f3 el mayor ejercicio de recursos p\u00fablicos provenientes de fuentes de financiamiento estatal y federal, as\u00ed como de sinergias con instancias p\u00fablicas y privadas; logrando un aumento de 140 millones 837 mil 483 pesos, lo que representa en t\u00e9rminos porcentuales un crecimiento de 5 mil 476.61%.<\/p>\n\n\n\n<p>Con el Programa \u201cSemillas de Talento\u201d, 875 j\u00f3venes universitarios con altos promedios procedentes de 43 instituciones educativas de nivel superior en 260 municipios ind\u00edgenas y afromexicanos, recibieron un est\u00edmulo econ\u00f3mico mensual de mil pesos durante ocho meses.<\/p>\n\n\n\n<p>Mediante el Programa \u201cMujeres del Ma\u00edz\u201d se entregaron 900 molinos el\u00e9ctricos en beneficio de 4 mil 500 mujeres ind\u00edgenas y afromexicanas, agrupadas en n\u00facleos productivos de cinco mujeres dedicadas a la producci\u00f3n tradicional y otros derivados del ma\u00edz.<\/p>\n\n\n\n<p>El Programa \u201cFondo Semilla\u201d benefici\u00f3 a 150 comunidades ind\u00edgenas y afromexicanas de todas las regiones del estado, a trav\u00e9s de la entrega de materiales industrializados como tinacos, malla cicl\u00f3nica, pintura e impermeabilizante con el objetivo de rehabilitar espacios educativos, culturales, deportivos y de convivencia social.<\/p>\n\n\n\n<p>Para continuar con la estrategia de romper la brecha digital, el Programa \u201cVentanas del Conocimiento\u201d entreg\u00f3 paquetes tecnol\u00f3gicos que constan de computadora, impresora multifuncional, proyector, bocina y micr\u00f3fonos contribuyendo a fortalecer las capacidades de estudiantes ind\u00edgenas y afromexicanos de 79 instituciones.<\/p>\n\n\n\n<p>Este a\u00f1o, se implement\u00f3 por primera vez el Programa de Empoderamiento Econ\u00f3mico para Mujeres Jefas de Familia en Hogares Ind\u00edgenas y Afromexicanos \u201cMujerEs Familia\u201d, este programa de nueva creaci\u00f3n se dise\u00f1\u00f3 especialmente para combatir las dificultades de la pandemia, con el que se otorgaron 750 apoyos econ\u00f3micos de 800 pesos mensuales durante cinco meses.<\/p>\n\n\n\n<figure class=\"wp-block-embed-twitter wp-block-embed is-type-rich is-provider-twitter\"><div class=\"wp-block-embed__wrapper\">\n<div class=\"twitter-tweet\"><blockquote class=\"twitter-tweet\" data-lang=\"es\"><p lang=\"es\" dir=\"ltr\">Durante su comparecencia en la comisi\u00f3n respectiva del <a href=\"https:\/\/twitter.com\/CongresoOaxLXIV?ref_src=twsrc%5Etfw\">@CongresoOaxLXIV<\/a>, la titular de la <a href=\"https:\/\/twitter.com\/SEPIA_GobOax?ref_src=twsrc%5Etfw\">@SEPIA_GobOax<\/a>, <a href=\"https:\/\/twitter.com\/EufrosinaCruz?ref_src=twsrc%5Etfw\">@EufrosinaCruz<\/a>, destac\u00f3 los logros de la campa\u00f1a \u201cQue te caiga el 20\u201d, que se desarroll\u00f3 en conjunto con la <a href=\"https:\/\/twitter.com\/CONAVIM_MX?ref_src=twsrc%5Etfw\">@CONAVIM_MX<\/a>, a fin de prevenir la violencia contra las mujeres. <a href=\"https:\/\/t.co\/1Iu32cadP4\">pic.twitter.com\/1Iu32cadP4<\/a><\/p>&mdash; Zona Roja Oaxaca (@MexRoja) <a href=\"https:\/\/twitter.com\/MexRoja\/status\/1356810520519610369?ref_src=twsrc%5Etfw\">3 de febrero de 2021<\/a><\/blockquote><\/div>\n<\/div><\/figure>\n","protected":false},"excerpt":{"rendered":"<p>Yuridiana Sosa\/Zona Roja. Oaxaca de Ju\u00e1rez, Oax., 2 de febrero de 2021.- Con las medidas&hellip;<\/p>\n","protected":false},"author":2,"featured_media":23132,"comment_status":"closed","ping_status":"open","sticky":false,"template":"","format":"standard","meta":{"_lmt_disableupdate":"","_lmt_disable":"","_jetpack_memberships_contains_paid_content":false,"footnotes":""},"categories":[109,46],"tags":[2175],"class_list":["post-23131","post","type-post","status-publish","format-standard","has-post-thumbnail","hentry","category-minuto-a-minuto","category-zona-blanca","tag-eufrosina-cruz-mendoza"],"jetpack_featured_media_url":"https:\/\/zonaroja.com.mx\/wp-content\/uploads\/2021\/02\/Eufrosina-Cruz-comparecencia.jpg","jetpack_sharing_enabled":true,"_links":{"self":[{"href":"https:\/\/zonaroja.com.mx\/index.php?rest_route=\/wp\/v2\/posts\/23131","targetHints":{"allow":["GET"]}}],"collection":[{"href":"https:\/\/zonaroja.com.mx\/index.php?rest_route=\/wp\/v2\/posts"}],"about":[{"href":"https:\/\/zonaroja.com.mx\/index.php?rest_route=\/wp\/v2\/types\/post"}],"author":[{"embeddable":true,"href":"https:\/\/zonaroja.com.mx\/index.php?rest_route=\/wp\/v2\/users\/2"}],"replies":[{"embeddable":true,"href":"https:\/\/zonaroja.com.mx\/index.php?rest_route=%2Fwp%2Fv2%2Fcomments&post=23131"}],"version-history":[{"count":3,"href":"https:\/\/zonaroja.com.mx\/index.php?rest_route=\/wp\/v2\/posts\/23131\/revisions"}],"predecessor-version":[{"id":23139,"href":"https:\/\/zonaroja.com.mx\/index.php?rest_route=\/wp\/v2\/posts\/23131\/revisions\/23139"}],"wp:featuredmedia":[{"embeddable":true,"href":"https:\/\/zonaroja.com.mx\/index.php?rest_route=\/wp\/v2\/media\/23132"}],"wp:attachment":[{"href":"https:\/\/zonaroja.com.mx\/index.php?rest_route=%2Fwp%2Fv2%2Fmedia&parent=23131"}],"wp:term":[{"taxonomy":"category","embeddable":true,"href":"https:\/\/zonaroja.com.mx\/index.php?rest_route=%2Fwp%2Fv2%2Fcategories&post=23131"},{"taxonomy":"post_tag","embeddable":true,"href":"https:\/\/zonaroja.com.mx\/index.php?rest_route=%2Fwp%2Fv2%2Ftags&post=23131"}],"curies":[{"name":"wp","href":"https:\/\/api.w.org\/{rel}","templated":true}]}}