{"id":23156,"date":"2021-02-03T08:36:52","date_gmt":"2021-02-03T14:36:52","guid":{"rendered":"http:\/\/www.zonaroja.com.mx\/?p=23156"},"modified":"2021-02-03T08:36:56","modified_gmt":"2021-02-03T14:36:56","slug":"revierte-biden-leyes-contra-migrantes-busca-naturalizar-a-9-millones","status":"publish","type":"post","link":"https:\/\/zonaroja.com.mx\/?p=23156","title":{"rendered":"Revierte Biden leyes contra migrantes; busca naturalizar a 9 millones"},"content":{"rendered":"\n<p>Redacci\u00f3n\/Zona Roja Cdmx.<\/p>\n\n\n\n<p>Ciudad de M\u00e9xico, 3 de febrero de 2021.- El presidente de los Estados Unidos de Norteam\u00e9rica, Joe Biden, pidi\u00f3 ayer a su gobierno que \u00abagilice\u00bb la naturalizaci\u00f3n de unos nueve millones de inmigrantes, dentro de una pol\u00edtica migratoria m\u00e1s inclusiva, tras la l\u00ednea dura mantenida por su predecesor Donald Trump.<\/p>\n\n\n\n<p>La iniciativa est\u00e1 incluida en uno de los tres decretos que el mandatario dem\u00f3crata firm\u00f3 ayer para revertir medidas de la anterior administraci\u00f3n republicana que considera \u00abdivisivas\u00bb, \u00abcrueles\u00bb y contrarias a la esencia misma de Estados Unidos.<\/p>\n\n\n\n<p>Para Biden, una prioridad en su gobierno es revertir los efectos de la pol\u00edtica \u00abTolerancia Cero\u00bb, al reunificar a las familias que fueron separadas&nbsp; en la frontera.<\/p>\n\n\n\n<p>Para ello, crear\u00e1 un grupo de trabajo con el objetivo de reunir a los cerca de 600 menores que siguen separados de sus padres, seg\u00fan datos surgidos de las demandas judiciales.<\/p>\n\n\n\n<p>La pol\u00edtica de Trump \u2014instaurada entre 2017 y 2018\u2014 intent\u00f3 frenar el flujo de migrantes sin papeles que buscaban ingresar por la frontera sur, muchos de ellos familias de Centroam\u00e9rica huyendo de la violencia.<\/p>\n\n\n\n<p>Su implementaci\u00f3n, que afect\u00f3 a cerca de cinco mil menores, fue suspendida ante una ola de indignaci\u00f3n.<\/p>\n\n\n\n<p>RECHAZAN ABSOLUCI\u00d3N<\/p>\n\n\n\n<p>Por otra parte, Donald Trump fue \u00absingularmente responsable\u00bb del ataque contra el Capitolio de EU el mes pasado y su absoluci\u00f3n podr\u00eda da\u00f1ar la democracia del pa\u00eds, estimaron ayer legisladores dem\u00f3cratas, una semana antes de que comience el juicio pol\u00edtico en el Senado.<\/p>\n\n\n\n<p>La C\u00e1mara de Representantes vot\u00f3 el mes pasado un impeachment contra Trump por incitar a sus seguidores a tomar el edificio del Congreso, el 6 de enero, convirti\u00e9ndolo en el primer Presidente de EU en ser sometido dos veces a un juicio pol\u00edtico.<\/p>\n\n\n\n<p>En un escrito previo al juicio, los legisladores presentaron su caso para que el Senado condene a Trump.<\/p>\n","protected":false},"excerpt":{"rendered":"<p>Redacci\u00f3n\/Zona Roja Cdmx. Ciudad de M\u00e9xico, 3 de febrero de 2021.- El presidente de los&hellip;<\/p>\n","protected":false},"author":2,"featured_media":7599,"comment_status":"closed","ping_status":"open","sticky":false,"template":"","format":"standard","meta":{"_lmt_disableupdate":"","_lmt_disable":"","_jetpack_memberships_contains_paid_content":false,"footnotes":""},"categories":[109,46],"tags":[2347],"class_list":["post-23156","post","type-post","status-publish","format-standard","has-post-thumbnail","hentry","category-minuto-a-minuto","category-zona-blanca","tag-joe-biden"],"jetpack_featured_media_url":"https:\/\/zonaroja.com.mx\/wp-content\/uploads\/2020\/01\/migrantes2.jpg","jetpack_sharing_enabled":true,"_links":{"self":[{"href":"https:\/\/zonaroja.com.mx\/index.php?rest_route=\/wp\/v2\/posts\/23156","targetHints":{"allow":["GET"]}}],"collection":[{"href":"https:\/\/zonaroja.com.mx\/index.php?rest_route=\/wp\/v2\/posts"}],"about":[{"href":"https:\/\/zonaroja.com.mx\/index.php?rest_route=\/wp\/v2\/types\/post"}],"author":[{"embeddable":true,"href":"https:\/\/zonaroja.com.mx\/index.php?rest_route=\/wp\/v2\/users\/2"}],"replies":[{"embeddable":true,"href":"https:\/\/zonaroja.com.mx\/index.php?rest_route=%2Fwp%2Fv2%2Fcomments&post=23156"}],"version-history":[{"count":1,"href":"https:\/\/zonaroja.com.mx\/index.php?rest_route=\/wp\/v2\/posts\/23156\/revisions"}],"predecessor-version":[{"id":23157,"href":"https:\/\/zonaroja.com.mx\/index.php?rest_route=\/wp\/v2\/posts\/23156\/revisions\/23157"}],"wp:featuredmedia":[{"embeddable":true,"href":"https:\/\/zonaroja.com.mx\/index.php?rest_route=\/wp\/v2\/media\/7599"}],"wp:attachment":[{"href":"https:\/\/zonaroja.com.mx\/index.php?rest_route=%2Fwp%2Fv2%2Fmedia&parent=23156"}],"wp:term":[{"taxonomy":"category","embeddable":true,"href":"https:\/\/zonaroja.com.mx\/index.php?rest_route=%2Fwp%2Fv2%2Fcategories&post=23156"},{"taxonomy":"post_tag","embeddable":true,"href":"https:\/\/zonaroja.com.mx\/index.php?rest_route=%2Fwp%2Fv2%2Ftags&post=23156"}],"curies":[{"name":"wp","href":"https:\/\/api.w.org\/{rel}","templated":true}]}}