{"id":23158,"date":"2021-02-03T14:41:55","date_gmt":"2021-02-03T20:41:55","guid":{"rendered":"http:\/\/www.zonaroja.com.mx\/?p=23158"},"modified":"2021-02-03T14:42:00","modified_gmt":"2021-02-03T20:42:00","slug":"otra-vez-mujer-da-a-luz-en-la-entrada-de-hospital-de-oaxaca","status":"publish","type":"post","link":"https:\/\/zonaroja.com.mx\/?p=23158","title":{"rendered":"Otra vez, mujer da a luz en la entrada de hospital de Oaxaca"},"content":{"rendered":"\n<p>Evlin Arag\u00f3n\/Zona Roja.<\/p>\n\n\n\n<p>Oaxaca de Ju\u00e1rez, Oax., 3 de febrero de 2021.- La falta de atenci\u00f3n por parte del personal m\u00e9dico del Hospital de Urgencias de San Pablo Huixtepec, Oaxaca, ocasion\u00f3 que la ma\u00f1ana de este mi\u00e9rcoles una mujer diera a luz en entrada del nosocomio, sin las medidas m\u00ednimas de higiene y salud necesarias para ella y su beb\u00e9.&nbsp;<\/p>\n\n\n\n<p>Los hechos quedaron registrados en un video que se ha hecho viral, debido a que retrata, una vez m\u00e1s, la precariedad de los Servicios de Salud de Oaxaca (SSO), misma que se ha agravado con la pandemia, a la cual se le destina la mayor parte de la atenci\u00f3n, dejando en el olvido otro tipo de padecimientos.<\/p>\n\n\n\n<p>\u201cQu\u00e9 b\u00e1rbaros, que b\u00e1rbaros en San Pablo Huixtepec miren lo que pasa en el hospital de urgencias. Es una maldita injusticia esto. Ay Dios\u201d, son las palabras del usuario que decidi\u00f3 hacer p\u00fablicas las im\u00e1genes para denunciar la situaci\u00f3n.&nbsp;<\/p>\n\n\n\n<p>A la entrada del nosocomio se pueden ver a cinco integrantes de la plantilla m\u00e9dica que auxilian a la mujer, misma que de acuerdo con los testimonios llevaba un buen rato a las afueras del lugar esperando a ser atendida sin \u00e9xito alguno, pese a referir que ya se encontraba en labor de parto.&nbsp;<\/p>\n\n\n\n<p>Dos varones la acompa\u00f1an y son quienes la sostuvieron, mientras ella ah\u00ed parada dio a luz a su beb\u00e9.<\/p>\n\n\n\n<p>\u201cEstamos hablando desde hace rato, desde hace rato esta esa se\u00f1ora parada ah\u00ed ya lista para dar a luz y nadie sal\u00eda. Nadie sale, la se\u00f1ora parada dio a luz ah\u00ed y \u00e9l bebe cay\u00f3 al piso. Es una maldita injusticia esto\u201d, relata.<\/p>\n\n\n\n<figure class=\"wp-block-embed-twitter wp-block-embed is-type-rich is-provider-twitter\"><div class=\"wp-block-embed__wrapper\">\n<div class=\"twitter-tweet\"><blockquote class=\"twitter-tweet\" data-lang=\"es\"><p lang=\"es\" dir=\"ltr\"><a href=\"https:\/\/twitter.com\/hashtag\/OaxacaGris?src=hash&amp;ref_src=twsrc%5Etfw\">#OaxacaGris<\/a> <br>Por presunta negligencia m\u00e9dica, una mujer pari\u00f3 este mi\u00e9rcoles en el exterior del hospital ubicado en San Pablo Huixtepec, perteneciente a los <a href=\"https:\/\/twitter.com\/SSO_GobOax?ref_src=twsrc%5Etfw\">@SSO_GobOax<\/a> <a href=\"https:\/\/t.co\/UlDZTFp85C\">pic.twitter.com\/UlDZTFp85C<\/a><\/p>&mdash; Zona Roja Oaxaca (@MexRoja) <a href=\"https:\/\/twitter.com\/MexRoja\/status\/1357035678278840327?ref_src=twsrc%5Etfw\">3 de febrero de 2021<\/a><\/blockquote><\/div>\n<\/div><\/figure>\n\n\n\n<p>Una mancha de sangre y l\u00edquido amni\u00f3tico qued\u00f3 a la entrada del hospital de urgencias como muestra de la falta de atenci\u00f3n oportuna hacia la mujer, quien valientemente y despu\u00e9s del inusual e indignante parto, entr\u00f3 por propio pie al lugar, en donde ahora s\u00ed fue escoltada por personal m\u00e9dico para su atenci\u00f3n.&nbsp;<\/p>\n\n\n\n<p>Los casos de mujeres que han dado a luz a las afueras de centros de salud, cl\u00ednicas y hospitales de Oaxaca no son nuevos; fue entre el 2013 y 2014, durante el sexenio de Gabino Cu\u00e9 Monteagudo, que varios de ellos fueron nota nacional.&nbsp;<\/p>\n\n\n\n<p>El primero de ellos fue el de Irma, una ind\u00edgena mazateca, que pari\u00f3 en el patio del centro de salud de Jalapa de D\u00edaz.<\/p>\n\n\n\n<p>Meses despu\u00e9s los casos se repitieron en el IMSS de Salina Cruz, en el Centro de Salud de San Jos\u00e9 Manialtepec, en el Hospital Comunitario \u201cLa Paz\u201d de la Sierra Sur, en el Centro de Salud del municipio de San Jacinto Amilpas, en la cl\u00ednica de San Antonio de la Cal, y en el Hospital General \u201cPilar S\u00e1nchez Villavicencio\u201d de Huajuapan de Le\u00f3n, lo que prendi\u00f3 las alertas al interior del sector salud.&nbsp;<\/p>\n","protected":false},"excerpt":{"rendered":"<p>Evlin Arag\u00f3n\/Zona Roja. Oaxaca de Ju\u00e1rez, Oax., 3 de febrero de 2021.- La falta de&hellip;<\/p>\n","protected":false},"author":2,"featured_media":23159,"comment_status":"closed","ping_status":"open","sticky":false,"template":"","format":"standard","meta":{"_lmt_disableupdate":"","_lmt_disable":"","_jetpack_memberships_contains_paid_content":false,"footnotes":""},"categories":[109,47],"tags":[2168],"class_list":["post-23158","post","type-post","status-publish","format-standard","has-post-thumbnail","hentry","category-minuto-a-minuto","category-zona-gris","tag-san-pablo-huixtepec"],"jetpack_featured_media_url":"https:\/\/zonaroja.com.mx\/wp-content\/uploads\/2021\/02\/Mujer-hospital-Huixtepec.jpg","jetpack_sharing_enabled":true,"_links":{"self":[{"href":"https:\/\/zonaroja.com.mx\/index.php?rest_route=\/wp\/v2\/posts\/23158","targetHints":{"allow":["GET"]}}],"collection":[{"href":"https:\/\/zonaroja.com.mx\/index.php?rest_route=\/wp\/v2\/posts"}],"about":[{"href":"https:\/\/zonaroja.com.mx\/index.php?rest_route=\/wp\/v2\/types\/post"}],"author":[{"embeddable":true,"href":"https:\/\/zonaroja.com.mx\/index.php?rest_route=\/wp\/v2\/users\/2"}],"replies":[{"embeddable":true,"href":"https:\/\/zonaroja.com.mx\/index.php?rest_route=%2Fwp%2Fv2%2Fcomments&post=23158"}],"version-history":[{"count":1,"href":"https:\/\/zonaroja.com.mx\/index.php?rest_route=\/wp\/v2\/posts\/23158\/revisions"}],"predecessor-version":[{"id":23160,"href":"https:\/\/zonaroja.com.mx\/index.php?rest_route=\/wp\/v2\/posts\/23158\/revisions\/23160"}],"wp:featuredmedia":[{"embeddable":true,"href":"https:\/\/zonaroja.com.mx\/index.php?rest_route=\/wp\/v2\/media\/23159"}],"wp:attachment":[{"href":"https:\/\/zonaroja.com.mx\/index.php?rest_route=%2Fwp%2Fv2%2Fmedia&parent=23158"}],"wp:term":[{"taxonomy":"category","embeddable":true,"href":"https:\/\/zonaroja.com.mx\/index.php?rest_route=%2Fwp%2Fv2%2Fcategories&post=23158"},{"taxonomy":"post_tag","embeddable":true,"href":"https:\/\/zonaroja.com.mx\/index.php?rest_route=%2Fwp%2Fv2%2Ftags&post=23158"}],"curies":[{"name":"wp","href":"https:\/\/api.w.org\/{rel}","templated":true}]}}