{"id":2316,"date":"2019-07-17T07:14:43","date_gmt":"2019-07-17T12:14:43","guid":{"rendered":"http:\/\/www.zonaroja.com.mx\/?p=2316"},"modified":"2019-07-17T07:14:46","modified_gmt":"2019-07-17T12:14:46","slug":"denuncia-ayutla-intento-de-despojo-de-mas-tierras-para-tamazulapam","status":"publish","type":"post","link":"https:\/\/zonaroja.com.mx\/?p=2316","title":{"rendered":"Denuncia Ayutla intento de despojo de m\u00e1s tierras, para Tamazul\u00e1pam"},"content":{"rendered":"\n<p>Ismael Garc\u00eda\nM.<\/p>\n\n\n\n<p>Oaxaca de\nJu\u00e1rez, Oax., 17 de julio de 2019.- La autoridad municipal de San Pedro y San\nPablo Ayutla denunci\u00f3 que el gobierno de Oaxaca pretende despojarlos nuevamente\nde m\u00e1s territorio para d\u00e1rselo a Tamazul\u00e1pam del Esp\u00edritu Santo, bajo el\npretexto de construir infraestructura para dotarlos de agua potable.<\/p>\n\n\n\n<p>Asimismo,\nadvirti\u00f3 que sus vecinos de ese municipio realizan constantes incursiones\narmadas en su territorio y temen que sean atacados de nueva cuenta. Hace m\u00e1s de\ndos a\u00f1os resurgi\u00f3 la disputa por un manantial que dota de agua a ambos pueblos,\nlo que dej\u00f3 como saldo una persona muerta y varias lesionadas, adem\u00e1s de\nmujeres retenidas.<\/p>\n\n\n\n<p>\u201cHasta\nahora, el Gobierno del Estado a trav\u00e9s de la Secretar\u00eda General de Gobierno ha\nevadido tocar el tema de este grupo con armas exclusivas del Ej\u00e9rcito Mexicano,\noperando y encabezando las agresiones contra nuestra comunidad, a pesar de\ntodas las evidencias audiovisuales presentadas\u201d.<\/p>\n\n\n\n<p>En un\ndocumento con firmas de autoridades municipales, representantes agrarios y\nresponsables de agencias, exigieron frenar al presunto grupo armado de\nTamazul\u00e1pam; justicia por el asesinato de Juan Guadalupe, ocurrido el 5 de\njunio de 2017.<\/p>\n\n\n\n<p>\u201cNuestra paciencia se agot\u00f3, no toleraremos acuerdos encubiertos entre la Secretar\u00eda General de Gobierno y autoridades de Tamazul\u00e1pam, en perjuicio de nuestro territorio\u2026 En caso de incurrir en incursiones arbitrarias a nuestro territorio, nuestra comunidad ha comenzado a organizarse para la defensa de nuestras tierras\u201d, puntualiz\u00f3.<\/p>\n\n\n\n<figure class=\"wp-block-embed-twitter wp-block-embed is-type-rich is-provider-twitter\"><div class=\"wp-block-embed__wrapper\">\n<div class=\"twitter-tweet\"><blockquote class=\"twitter-tweet\" data-lang=\"es\"><p lang=\"es\" dir=\"ltr\"><a href=\"https:\/\/twitter.com\/hashtag\/AguaParaAyutlaYa?src=hash&amp;ref_src=twsrc%5Etfw\">#AguaParaAyutlaYa<\/a> Comunicado de autoridades agrarias y municipales de San Pedro y San Pablo Ayutla <a href=\"https:\/\/twitter.com\/hashtag\/Mixe?src=hash&amp;ref_src=twsrc%5Etfw\">#Mixe<\/a>: &quot;Nuestra paciencia se agot\u00f3&quot;. <a href=\"https:\/\/twitter.com\/hashtag\/Oaxaca?src=hash&amp;ref_src=twsrc%5Etfw\">#Oaxaca<\/a> <a href=\"https:\/\/t.co\/PhvOOrwoOG\">pic.twitter.com\/PhvOOrwoOG<\/a><\/p>&mdash; Educa Oaxaca (@laminuta) <a href=\"https:\/\/twitter.com\/laminuta\/status\/1151307116700930048?ref_src=twsrc%5Etfw\">17 de julio de 2019<\/a><\/blockquote><\/div>\n<\/div><\/figure>\n","protected":false},"excerpt":{"rendered":"<p>Ismael Garc\u00eda M. Oaxaca de Ju\u00e1rez, Oax., 17 de julio de 2019.- La autoridad municipal&hellip;<\/p>\n","protected":false},"author":2,"featured_media":2317,"comment_status":"closed","ping_status":"open","sticky":false,"template":"","format":"standard","meta":{"_lmt_disableupdate":"","_lmt_disable":"","_jetpack_memberships_contains_paid_content":false,"footnotes":""},"categories":[109,51],"tags":[356],"class_list":["post-2316","post","type-post","status-publish","format-standard","has-post-thumbnail","hentry","category-minuto-a-minuto","category-zona-roja","tag-conflicto-san-pedro-y-san-pablo-ayutla-y-tamazulapam-del-espiritu-santo"],"jetpack_featured_media_url":"https:\/\/zonaroja.com.mx\/wp-content\/uploads\/2019\/07\/Ayutla-Mixe.jpg","jetpack_sharing_enabled":true,"_links":{"self":[{"href":"https:\/\/zonaroja.com.mx\/index.php?rest_route=\/wp\/v2\/posts\/2316","targetHints":{"allow":["GET"]}}],"collection":[{"href":"https:\/\/zonaroja.com.mx\/index.php?rest_route=\/wp\/v2\/posts"}],"about":[{"href":"https:\/\/zonaroja.com.mx\/index.php?rest_route=\/wp\/v2\/types\/post"}],"author":[{"embeddable":true,"href":"https:\/\/zonaroja.com.mx\/index.php?rest_route=\/wp\/v2\/users\/2"}],"replies":[{"embeddable":true,"href":"https:\/\/zonaroja.com.mx\/index.php?rest_route=%2Fwp%2Fv2%2Fcomments&post=2316"}],"version-history":[{"count":1,"href":"https:\/\/zonaroja.com.mx\/index.php?rest_route=\/wp\/v2\/posts\/2316\/revisions"}],"predecessor-version":[{"id":2318,"href":"https:\/\/zonaroja.com.mx\/index.php?rest_route=\/wp\/v2\/posts\/2316\/revisions\/2318"}],"wp:featuredmedia":[{"embeddable":true,"href":"https:\/\/zonaroja.com.mx\/index.php?rest_route=\/wp\/v2\/media\/2317"}],"wp:attachment":[{"href":"https:\/\/zonaroja.com.mx\/index.php?rest_route=%2Fwp%2Fv2%2Fmedia&parent=2316"}],"wp:term":[{"taxonomy":"category","embeddable":true,"href":"https:\/\/zonaroja.com.mx\/index.php?rest_route=%2Fwp%2Fv2%2Fcategories&post=2316"},{"taxonomy":"post_tag","embeddable":true,"href":"https:\/\/zonaroja.com.mx\/index.php?rest_route=%2Fwp%2Fv2%2Ftags&post=2316"}],"curies":[{"name":"wp","href":"https:\/\/api.w.org\/{rel}","templated":true}]}}