{"id":23163,"date":"2021-02-03T16:23:03","date_gmt":"2021-02-03T22:23:03","guid":{"rendered":"http:\/\/www.zonaroja.com.mx\/?p=23163"},"modified":"2021-02-03T16:23:07","modified_gmt":"2021-02-03T22:23:07","slug":"piden-diputados-a-gobierno-atender-conflicto-en-el-maco-y-evitar-su-cierre","status":"publish","type":"post","link":"https:\/\/zonaroja.com.mx\/?p=23163","title":{"rendered":"Piden diputados a gobierno atender conflicto en el MACO y evitar su cierre"},"content":{"rendered":"\n<p>Redacci\u00f3n\/Zona Roja.<\/p>\n\n\n\n<p>Oaxaca de Ju\u00e1rez, Oax. 3 de febrero de 2021.- El Congreso del Estado exhort\u00f3 a las autoridades correspondientes para que atiendan las peticiones de los y las trabajadoras del Museo de Arte Contempor\u00e1neo de Oaxaca (MACO), y evitar de esta manera el cierre del mismo.<\/p>\n\n\n\n<p>Mediante un Punto de Acuerdo aprobado de urgente y obvia resoluci\u00f3n en sesi\u00f3n ordinaria virtual de este mi\u00e9rcoles, el Legislativo urgi\u00f3 a los titulares de la Junta de Conciliaci\u00f3n y Arbitraje del Estado de Oaxaca, implementen una mesa de di\u00e1logo con la base trabajadora del Museo y la Asociaci\u00f3n Civil \u201cAmigos del MACO\u201d.<\/p>\n\n\n\n<p>Asimismo, pidi\u00f3 a la titular de la Secretar\u00eda de las Culturas y Artes de Oaxaca, para que en coordinaci\u00f3n con la Secretar\u00eda de Administraci\u00f3n, realicen las gestiones y acciones necesarias para evitar el cierre del MACO y pueda continuar su operaci\u00f3n con normalidad.<\/p>\n\n\n\n<p>Este Punto de Acuerdo se debe a que, en d\u00edas pasados, los y las trabajadoras del Museo hicieron p\u00fablica la situaci\u00f3n de peligro que atraviesa el centro cultural, y el riesgo que corre de ser cerrado por la Asociaci\u00f3n Civil \u201cAmigos del MACO\u201d, el cual tiene a cargo el recinto cultural.<\/p>\n\n\n\n<p>Se\u00f1alaron que, desde el mes de abril del 2020 dejaron de recibir sus sueldos, y pese a que se han buscado a los integrantes de la Asociaci\u00f3n, en quienes recae la responsabilidad patronal, no han obtenido respuestas o propuestas claras respecto a su situaci\u00f3n laboral.<\/p>\n\n\n\n<p>El MACO, abri\u00f3 sus puertas el 28 de febrero de 1992, con el objetivo de resguardar y difundir la obra de los m\u00e1s destacados exponentes de la pl\u00e1stica oaxaque\u00f1a de los \u00faltimos a\u00f1os, entre ellos Rufino Tamayo, Francisco Toledo, Rodolfo Nieto, Rodolfo Morales, Francisco Guti\u00e9rrez, entre otros.<\/p>\n\n\n\n<p>El punto de acuerdo fue promovido por la diputada Hilda Graciela P\u00e9rez Luis, y aprobado por el Pleno de la 64 Legislatura local.<\/p>\n","protected":false},"excerpt":{"rendered":"<p>Redacci\u00f3n\/Zona Roja. Oaxaca de Ju\u00e1rez, Oax. 3 de febrero de 2021.- El Congreso del Estado&hellip;<\/p>\n","protected":false},"author":2,"featured_media":21297,"comment_status":"closed","ping_status":"open","sticky":false,"template":"","format":"standard","meta":{"_lmt_disableupdate":"","_lmt_disable":"","_jetpack_memberships_contains_paid_content":false,"footnotes":""},"categories":[109,47],"tags":[213],"class_list":["post-23163","post","type-post","status-publish","format-standard","has-post-thumbnail","hentry","category-minuto-a-minuto","category-zona-gris","tag-64-legislatura-de-oaxaca"],"jetpack_featured_media_url":"https:\/\/zonaroja.com.mx\/wp-content\/uploads\/2020\/12\/Protesta-MACO.jpg","jetpack_sharing_enabled":true,"_links":{"self":[{"href":"https:\/\/zonaroja.com.mx\/index.php?rest_route=\/wp\/v2\/posts\/23163","targetHints":{"allow":["GET"]}}],"collection":[{"href":"https:\/\/zonaroja.com.mx\/index.php?rest_route=\/wp\/v2\/posts"}],"about":[{"href":"https:\/\/zonaroja.com.mx\/index.php?rest_route=\/wp\/v2\/types\/post"}],"author":[{"embeddable":true,"href":"https:\/\/zonaroja.com.mx\/index.php?rest_route=\/wp\/v2\/users\/2"}],"replies":[{"embeddable":true,"href":"https:\/\/zonaroja.com.mx\/index.php?rest_route=%2Fwp%2Fv2%2Fcomments&post=23163"}],"version-history":[{"count":1,"href":"https:\/\/zonaroja.com.mx\/index.php?rest_route=\/wp\/v2\/posts\/23163\/revisions"}],"predecessor-version":[{"id":23164,"href":"https:\/\/zonaroja.com.mx\/index.php?rest_route=\/wp\/v2\/posts\/23163\/revisions\/23164"}],"wp:featuredmedia":[{"embeddable":true,"href":"https:\/\/zonaroja.com.mx\/index.php?rest_route=\/wp\/v2\/media\/21297"}],"wp:attachment":[{"href":"https:\/\/zonaroja.com.mx\/index.php?rest_route=%2Fwp%2Fv2%2Fmedia&parent=23163"}],"wp:term":[{"taxonomy":"category","embeddable":true,"href":"https:\/\/zonaroja.com.mx\/index.php?rest_route=%2Fwp%2Fv2%2Fcategories&post=23163"},{"taxonomy":"post_tag","embeddable":true,"href":"https:\/\/zonaroja.com.mx\/index.php?rest_route=%2Fwp%2Fv2%2Ftags&post=23163"}],"curies":[{"name":"wp","href":"https:\/\/api.w.org\/{rel}","templated":true}]}}